{"id":81154,"date":"2025-06-09T07:24:45","date_gmt":"2025-06-09T13:24:45","guid":{"rendered":"https:\/\/zonaroja.com.mx\/?p=81154"},"modified":"2025-06-09T07:24:47","modified_gmt":"2025-06-09T13:24:47","slug":"accidentes-en-oaxaca-dejan-cinco-personas-fallecidas","status":"publish","type":"post","link":"https:\/\/zonaroja.com.mx\/?p=81154","title":{"rendered":"Accidentes en Oaxaca dejan cinco personas fallecidas\u00a0"},"content":{"rendered":"\n<p>Ismael Garc\u00eda M.\/Zona Roja.<\/p>\n\n\n\n<p>Oaxaca, Oax., a 9 de junio de 2025.- Al menos cinco personas perdieron la vida el fin de semana en Oaxaca, a causa de accidentes viales; en tanto, un individuo al parecer en situaci\u00f3n de indigencia, muri\u00f3 anoche en la Central de Abasto de la capital.<\/p>\n\n\n\n<p>El m\u00e1s reciente percance ocurri\u00f3 anoche en la carretera Trans\u00edstmica, tramo La Ventosa-Mat\u00edas Romero, a la altura de la localidad La Mata del municipio de Asunci\u00f3n Ixtaltepec.<\/p>\n\n\n\n<p>Un tr\u00e1iler presuntamente atropell\u00f3 a un joven, identificado como Alexis O. C., originario de La Ventosa, quien perdi\u00f3 la vida en el lugar; a\u00fan se desconoce la forma en que ocurri\u00f3 el accidente.<\/p>\n\n\n\n<p>Tambi\u00e9n anoche pero en un sanitario de la Central de Abasto de la ciudad de Oaxaca, fue hallado un cuerpo sin vida, presuntamente de un indigente, y hasta el momento se desconocen las causas del deceso.<\/p>\n\n\n\n<p>Ayer domingo por la tarde, dos j\u00f3venes que participaban en una rodada en motocicleta en la regi\u00f3n Sierra Ju\u00e1rez, perdieron la vida tras impactarse con una camioneta particular.<\/p>\n\n\n\n<p>El percance ocurri\u00f3 en la carretera federal 175 Oaxaca-Tuxtepec, en l\u00edmites de Tlalixtac de Cabrera con San Andr\u00e9s Huay\u00e1pam y las v\u00edctimas fueron identificadas como Maritza G. y Karla G., de 20 a\u00f1os de edad respectivamente, quienes viajaban en una motocicleta marcha Honda de bajo cilindraje.<\/p>\n\n\n\n<p>El s\u00e1bado ocurri\u00f3 otro fatal accidente pero en la supercarretera Oaxaca-Puerto Escondido, tramo Barranca Larga-Ventanilla, a la altura del kil\u00f3metro 64-500.<\/p>\n\n\n\n<p>Una mujer presuntamente impact\u00f3 su camioneta marca Hyundai tipo Creta, con una barra de contenci\u00f3n, que se incrust\u00f3 en la unidad, perdiendo la vida una mujer de aproximadamente 60 a\u00f1os de edad, mientras que otra persona adulta result\u00f3 severamente lesionada.<\/p>\n\n\n\n<p>Tambi\u00e9n el s\u00e1bado, autoridades estatales confirmaron la localizaci\u00f3n en Juchit\u00e1n de Zaragoza de un cuerpo sin vida, de quien fue identificado como Ismael C., quien hab\u00eda sido reportado como desaparecido d\u00edas atr\u00e1s.<\/p>\n\n\n\n<p>Al parecer tuvo un accidente con su veh\u00edculo, que cay\u00f3 a un canal de agua para riego en el tramo Juchit\u00e1n-Asunci\u00f3n Ixtaltepec; la unidad fue localizada de inmediata m\u00e1s no el cuerpo, que se hall\u00f3 el s\u00e1bado a varios kil\u00f3metros del lugar del percance.<\/p>\n","protected":false},"excerpt":{"rendered":"<p>Ismael Garc\u00eda M.\/Zona Roja. Oaxaca, Oax., a 9 de junio de 2025.- Al menos cinco&hellip;<\/p>\n","protected":false},"author":2,"featured_media":81156,"comment_status":"closed","ping_status":"open","sticky":false,"template":"","format":"standard","meta":{"_lmt_disableupdate":"","_lmt_disable":"","_jetpack_memberships_contains_paid_content":false,"footnotes":""},"categories":[109,47],"tags":[3416],"class_list":["post-81154","post","type-post","status-publish","format-standard","has-post-thumbnail","hentry","category-minuto-a-minuto","category-zona-gris","tag-accidentes-carreteros-oaxaca"],"jetpack_featured_media_url":"https:\/\/zonaroja.com.mx\/wp-content\/uploads\/2025\/06\/Accidente-mujeres-motociclistas-carretera-a-Ixtlan.jpeg","jetpack_sharing_enabled":true,"_links":{"self":[{"href":"https:\/\/zonaroja.com.mx\/index.php?rest_route=\/wp\/v2\/posts\/81154","targetHints":{"allow":["GET"]}}],"collection":[{"href":"https:\/\/zonaroja.com.mx\/index.php?rest_route=\/wp\/v2\/posts"}],"about":[{"href":"https:\/\/zonaroja.com.mx\/index.php?rest_route=\/wp\/v2\/types\/post"}],"author":[{"embeddable":true,"href":"https:\/\/zonaroja.com.mx\/index.php?rest_route=\/wp\/v2\/users\/2"}],"replies":[{"embeddable":true,"href":"https:\/\/zonaroja.com.mx\/index.php?rest_route=%2Fwp%2Fv2%2Fcomments&post=81154"}],"version-history":[{"count":1,"href":"https:\/\/zonaroja.com.mx\/index.php?rest_route=\/wp\/v2\/posts\/81154\/revisions"}],"predecessor-version":[{"id":81157,"href":"https:\/\/zonaroja.com.mx\/index.php?rest_route=\/wp\/v2\/posts\/81154\/revisions\/81157"}],"wp:featuredmedia":[{"embeddable":true,"href":"https:\/\/zonaroja.com.mx\/index.php?rest_route=\/wp\/v2\/media\/81156"}],"wp:attachment":[{"href":"https:\/\/zonaroja.com.mx\/index.php?rest_route=%2Fwp%2Fv2%2Fmedia&parent=81154"}],"wp:term":[{"taxonomy":"category","embeddable":true,"href":"https:\/\/zonaroja.com.mx\/index.php?rest_route=%2Fwp%2Fv2%2Fcategories&post=81154"},{"taxonomy":"post_tag","embeddable":true,"href":"https:\/\/zonaroja.com.mx\/index.php?rest_route=%2Fwp%2Fv2%2Ftags&post=81154"}],"curies":[{"name":"wp","href":"https:\/\/api.w.org\/{rel}","templated":true}]}}