{"id":81164,"date":"2025-06-09T11:30:00","date_gmt":"2025-06-09T17:30:00","guid":{"rendered":"https:\/\/zonaroja.com.mx\/?p=81164"},"modified":"2025-06-09T09:56:00","modified_gmt":"2025-06-09T15:56:00","slug":"ahora-donald-trump-le-echa-la-guardia-nacional-a-los-migrantes","status":"publish","type":"post","link":"https:\/\/zonaroja.com.mx\/?p=81164","title":{"rendered":"Ahora Donald Trump le echa la Guardia Nacional a los migrantes"},"content":{"rendered":"\n<p>Redacci\u00f3n\/Zona Roja Cdmx.<\/p>\n\n\n\n<p>Ciudad de M\u00e9xico, a 9 de mayo de 2025.- Efectivos de la Guardia Nacional se enfrentaron ayer a miles de manifestantes en el centro de Los \u00c1ngeles, y arrojaron gases lacrim\u00f3genos a una creciente multitud que se reuni\u00f3 frente a un complejo federal horas despu\u00e9s de que los soldados llegaron a la ciudad por orden del presidente Donald Trump, en el tercer d\u00eda consecutivo de protestas en esta ciudad de California contra las redadas de migrantes indocumentados, con saldo de 27 arrestos.<\/p>\n\n\n\n<p>La movilizaci\u00f3n fue reprimida frente al Centro de Detenci\u00f3n Metropolitano de Los \u00c1ngeles mientras un grupo de personas exigi\u00f3 a elementos de esta fuerza federal, provistos con escudos antidisturbios: \u00a1ICE, fuera de Los \u00c1ngeles!, en alusi\u00f3n al Servicio de Inmigraci\u00f3n y Control de Aduanas.<\/p>\n\n\n\n<p>Al cierre de esta edici\u00f3n, algunos polic\u00edas patrullaban las calles a caballo, mientras otros con equipo antimotines se alineaban detr\u00e1s de los efectivos de la Guardia Nacional, que fueron desplegados para resguardar instalaciones federales.<\/p>\n\n\n\n<p>Los agentes lanzaron gases lacrim\u00f3genos, balas de goma y granadas de aturdimiento, obligando a los manifestantes a retroceder durante sus protestas.<\/p>\n\n\n\n<p>El Departamento de Polic\u00eda de Los \u00c1ngeles report\u00f3 que las movilizaciones de descontento social llegaron hasta la autopista 101, donde manifestantes con banderas de M\u00e9xico y pancartas (en las que se le\u00eda: Plenos derechos para todos los migrantes) cerraron ambos sentidos a las 15:45, hora local; m\u00e1s tarde, la Patrulla de Carreteras de California liber\u00f3 la vialidad, indic\u00f3 Los Angeles Times en su portal.<\/p>\n\n\n\n<p>El diario se\u00f1al\u00f3 que un grupo de individuos atac\u00f3 cinco taxis Waymos (unidades de manejo aut\u00f3nomo), tres de los cuales fueron quemados; asimismo, durante una zacapela entre manifestantes y agentes, desde un helic\u00f3ptero de la fuerza p\u00fablica de Los \u00c1ngeles que sobrevol\u00f3 a una multitud en la calle 1, se escuch\u00f3 el mensaje: Los tengo a todos grabados. Voy a ir a sus casas.<\/p>\n\n\n\n<p>Las manifestaciones contra los operativos antimigrantes se mantuvieron en el barrio de Compton, y se extendieron a la ciudad californiana de Pasadena, as\u00ed como en Chicago, Illinois.<\/p>\n\n\n\n<p>En Pasadena, los manifestantes salieron a las calles con carteles en mano con la frase ICE, fuera de (Pasa)DENA, frente al AC Hotel Pasadena, en el que presuntamente se alojan agentes federales.<\/p>\n\n\n\n<p>En tanto, el mandatario asever\u00f3 en su cuenta de Truth Social: una ciudad estadunidense que una vez fue una gran ciudad, Los \u00c1ngeles, ha sido invadida y ocupada por indocumentados y criminales. Ahora, turbas violentas e insurrectas acosan y atacan a nuestros oficiales federales para intentar detener nuestras operaciones de deportaci\u00f3n.<\/p>\n\n\n\n<p>El vicepresidente JD Vance reposte\u00f3 ese mensaje, y advirti\u00f3: Este momento exige un liderazgo decidido. El presidente no tolerar\u00e1 disturbios ni violencia.<\/p>\n\n\n\n<p>Horas antes, el gobernador de California, Gavin Newsom, quien solicit\u00f3 formalmente a la Casa Blanca que rescinda el despliegue ilegal de las tropas, destac\u00f3 en su cuenta de X que Trump elogi\u00f3 la labor de la Guardia Nacional antes de que fuera desplegada.<\/p>\n\n\n\n<p>(Informaci\u00f3n de agencias en \u201cLa Jornada\u201d)<\/p>\n","protected":false},"excerpt":{"rendered":"<p>Redacci\u00f3n\/Zona Roja Cdmx. Ciudad de M\u00e9xico, a 9 de mayo de 2025.- Efectivos de la&hellip;<\/p>\n","protected":false},"author":2,"featured_media":81165,"comment_status":"closed","ping_status":"open","sticky":false,"template":"","format":"standard","meta":{"_lmt_disableupdate":"","_lmt_disable":"","_jetpack_memberships_contains_paid_content":false,"footnotes":""},"categories":[109,47],"tags":[],"class_list":["post-81164","post","type-post","status-publish","format-standard","has-post-thumbnail","hentry","category-minuto-a-minuto","category-zona-gris"],"jetpack_featured_media_url":"https:\/\/zonaroja.com.mx\/wp-content\/uploads\/2025\/06\/Deportaciones-migrantes-Estados-Unidos.jpg","jetpack_sharing_enabled":true,"_links":{"self":[{"href":"https:\/\/zonaroja.com.mx\/index.php?rest_route=\/wp\/v2\/posts\/81164","targetHints":{"allow":["GET"]}}],"collection":[{"href":"https:\/\/zonaroja.com.mx\/index.php?rest_route=\/wp\/v2\/posts"}],"about":[{"href":"https:\/\/zonaroja.com.mx\/index.php?rest_route=\/wp\/v2\/types\/post"}],"author":[{"embeddable":true,"href":"https:\/\/zonaroja.com.mx\/index.php?rest_route=\/wp\/v2\/users\/2"}],"replies":[{"embeddable":true,"href":"https:\/\/zonaroja.com.mx\/index.php?rest_route=%2Fwp%2Fv2%2Fcomments&post=81164"}],"version-history":[{"count":1,"href":"https:\/\/zonaroja.com.mx\/index.php?rest_route=\/wp\/v2\/posts\/81164\/revisions"}],"predecessor-version":[{"id":81166,"href":"https:\/\/zonaroja.com.mx\/index.php?rest_route=\/wp\/v2\/posts\/81164\/revisions\/81166"}],"wp:featuredmedia":[{"embeddable":true,"href":"https:\/\/zonaroja.com.mx\/index.php?rest_route=\/wp\/v2\/media\/81165"}],"wp:attachment":[{"href":"https:\/\/zonaroja.com.mx\/index.php?rest_route=%2Fwp%2Fv2%2Fmedia&parent=81164"}],"wp:term":[{"taxonomy":"category","embeddable":true,"href":"https:\/\/zonaroja.com.mx\/index.php?rest_route=%2Fwp%2Fv2%2Fcategories&post=81164"},{"taxonomy":"post_tag","embeddable":true,"href":"https:\/\/zonaroja.com.mx\/index.php?rest_route=%2Fwp%2Fv2%2Ftags&post=81164"}],"curies":[{"name":"wp","href":"https:\/\/api.w.org\/{rel}","templated":true}]}}