{"id":81167,"date":"2025-06-09T15:01:56","date_gmt":"2025-06-09T21:01:56","guid":{"rendered":"https:\/\/zonaroja.com.mx\/?p=81167"},"modified":"2025-06-09T15:01:58","modified_gmt":"2025-06-09T21:01:58","slug":"sentencian-a-9-anos-de-prision-a-abusador-sexual-de-una-nina-en-oaxaca","status":"publish","type":"post","link":"https:\/\/zonaroja.com.mx\/?p=81167","title":{"rendered":"Sentencian a 9 a\u00f1os de prisi\u00f3n a abusador sexual de una ni\u00f1a en Oaxaca"},"content":{"rendered":"\n<p>Redacci\u00f3n\/Zona Roja.&nbsp;<\/p>\n\n\n\n<p>Oaxaca, Oax., a 9 de junio de 2025.- Como resultado de las investigaciones enfocadas en garantizar los derechos a una vida libre de violencia para ni\u00f1as, ni\u00f1os y adolescentes, la Fiscal\u00eda General del Estado de Oaxaca (FGEO) obtuvo una sentencia condenatoria de nueve a\u00f1os y seis meses de prisi\u00f3n en contra de un hombre identificado como A.A.S.N., por el delito de Abuso Sexual Infantil, ocurrido en la ciudad de Oaxaca de Ju\u00e1rez.<\/p>\n\n\n\n<p>De acuerdo con el expediente penal del caso, la agresi\u00f3n sexual ocurri\u00f3 el 10 de julio de 2019, cuando la v\u00edctima -una ni\u00f1a de nueve a\u00f1os de edad, cuya identidad est\u00e1 reservada por ley-, se encontraba jugando en el interior de un domicilio ubicado en la calle de Guerrero de la colonia Centro de Oaxaca de Ju\u00e1rez, lugar hasta donde lleg\u00f3 el imputado para interceptarla y conducirla a una bodega y posteriormente, cometer el delito.<\/p>\n\n\n\n<p>Ante estos hechos y tras la denuncia prestada, la FGEO inici\u00f3 una exhaustiva investigaci\u00f3n a trav\u00e9s de la Fiscal\u00eda Especializada en Justicia para Ni\u00f1as, Ni\u00f1os y Adolescentes, la cual permiti\u00f3 aprehender al responsable, para despu\u00e9s presentarlo ante el Juez e iniciar su proceso legal correspondiente.<\/p>\n\n\n\n<p>En audiencia y tras evaluar los datos de prueba emanados de las investigaciones ministeriales de la Fiscal\u00eda, el Tribunal de Enjuiciamiento dict\u00f3 sentencia condenatoria de nueve a\u00f1os y seis meses de prisi\u00f3n en contra de A.A.S.N., adem\u00e1s de imponer una multa econ\u00f3mica y el pago por concepto de reparaci\u00f3n del da\u00f1o en abstracto, luego de demostrar su responsabilidad en la comisi\u00f3n del delito de abuso sexual infantil.<\/p>\n\n\n\n<p>VINCULADOS A PROCESO<\/p>\n\n\n\n<p>En otro caso, la Fiscal\u00eda General obtuvo auto de vinculaci\u00f3n a proceso en contra de dos personas, una del sexo masculino identificada como F.V.R., y una mujer identificada como A.C.C., imputados por el delito Contra la Salud en su modalidad de narcomenudeo que operaban en Miahuatl\u00e1n de Porfirio D\u00edaz y Ocotl\u00e1n de Morelos.<\/p>\n\n\n\n<p>De acuerdo con la investigaci\u00f3n, ambas personas fueron detenidas durante la ejecuci\u00f3n de cateos simult\u00e1neos, efectuados por elementos de la Agencia Estatal de Investigaciones (AEI) adscritos a la Vicefiscal\u00eda Regional de los Valles Centrales.<\/p>\n\n\n\n<p>El primer despliegue policial se realiz\u00f3 en la calle Morelos de la comunidad de R\u00edo Anona de la poblaci\u00f3n de San Sim\u00f3n Almolongas en Miahuatl\u00e1n de Porfirio D\u00edaz en la Sierra Sur, en donde los agentes de investigaci\u00f3n aseguraron diversas dosis de drogas conocidas como marihuana y cristal, al igual que un arma de fuego tipo fusil, un cargador y diversos cartuchos \u00fatiles, logrando la detenci\u00f3n de F.V.R.<\/p>\n\n\n\n<p>Mientras que el segundo cateo, efectuado en la calle 20 Noviembre del centro de Ocotl\u00e1n de Morelos en los Valles Centrales, los agentes de la AEI localizaron diversos narc\u00f3ticos como cristal y marihuana, logrando la detenci\u00f3n de una mujer identificada como A C.C.<\/p>\n\n\n\n<p>Tras el desahogo de pruebas aportadas por la FGEO y valoradas en las audiencias, el Juez que atiende la causa determin\u00f3 vincular a proceso a F.V.R. y a A.C.C., el primero por delito contra la salud en su modalidad de narcomenudeo en la hip\u00f3tesis de posesi\u00f3n con fines de suministro y, el segundo por el delito de contra la salud en su modalidad de narcomenudeo en la hip\u00f3tesis de suministro de cannabis sativa y metanfetamina, imponiendo las medidas cautelares respectivas.<\/p>\n","protected":false},"excerpt":{"rendered":"<p>Redacci\u00f3n\/Zona Roja.&nbsp; Oaxaca, Oax., a 9 de junio de 2025.- Como resultado de las investigaciones&hellip;<\/p>\n","protected":false},"author":2,"featured_media":67559,"comment_status":"closed","ping_status":"open","sticky":false,"template":"","format":"standard","meta":{"_lmt_disableupdate":"","_lmt_disable":"","_jetpack_memberships_contains_paid_content":false,"footnotes":""},"categories":[109,46],"tags":[494],"class_list":["post-81167","post","type-post","status-publish","format-standard","has-post-thumbnail","hentry","category-minuto-a-minuto","category-zona-blanca","tag-fiscalia-general-del-estado-de-oaxaca"],"jetpack_featured_media_url":"https:\/\/zonaroja.com.mx\/wp-content\/uploads\/2024\/04\/Violencia-familiar-agresion-sexual.jpg","jetpack_sharing_enabled":true,"_links":{"self":[{"href":"https:\/\/zonaroja.com.mx\/index.php?rest_route=\/wp\/v2\/posts\/81167","targetHints":{"allow":["GET"]}}],"collection":[{"href":"https:\/\/zonaroja.com.mx\/index.php?rest_route=\/wp\/v2\/posts"}],"about":[{"href":"https:\/\/zonaroja.com.mx\/index.php?rest_route=\/wp\/v2\/types\/post"}],"author":[{"embeddable":true,"href":"https:\/\/zonaroja.com.mx\/index.php?rest_route=\/wp\/v2\/users\/2"}],"replies":[{"embeddable":true,"href":"https:\/\/zonaroja.com.mx\/index.php?rest_route=%2Fwp%2Fv2%2Fcomments&post=81167"}],"version-history":[{"count":1,"href":"https:\/\/zonaroja.com.mx\/index.php?rest_route=\/wp\/v2\/posts\/81167\/revisions"}],"predecessor-version":[{"id":81168,"href":"https:\/\/zonaroja.com.mx\/index.php?rest_route=\/wp\/v2\/posts\/81167\/revisions\/81168"}],"wp:featuredmedia":[{"embeddable":true,"href":"https:\/\/zonaroja.com.mx\/index.php?rest_route=\/wp\/v2\/media\/67559"}],"wp:attachment":[{"href":"https:\/\/zonaroja.com.mx\/index.php?rest_route=%2Fwp%2Fv2%2Fmedia&parent=81167"}],"wp:term":[{"taxonomy":"category","embeddable":true,"href":"https:\/\/zonaroja.com.mx\/index.php?rest_route=%2Fwp%2Fv2%2Fcategories&post=81167"},{"taxonomy":"post_tag","embeddable":true,"href":"https:\/\/zonaroja.com.mx\/index.php?rest_route=%2Fwp%2Fv2%2Ftags&post=81167"}],"curies":[{"name":"wp","href":"https:\/\/api.w.org\/{rel}","templated":true}]}}