{"id":81169,"date":"2025-06-09T16:41:23","date_gmt":"2025-06-09T22:41:23","guid":{"rendered":"https:\/\/zonaroja.com.mx\/?p=81169"},"modified":"2025-06-09T16:42:14","modified_gmt":"2025-06-09T22:42:14","slug":"ex-rector-de-la-uabjo-azuza-violencia-en-derecho-y-rector-es-omiso","status":"publish","type":"post","link":"https:\/\/zonaroja.com.mx\/?p=81169","title":{"rendered":"Ex rector de la UABJO azuza violencia en Derecho y rector es omiso"},"content":{"rendered":"\n<p>Lisbeth Mej\u00eda Reyes\/Zona Roja.<\/p>\n\n\n\n<p>Oaxaca, Oax., a 9 de junio de 2025.- La directora de la Facultad de Derecho y Ciencias Sociales de la Universidad Aut\u00f3noma Benito Ju\u00e1rez de Oaxaca (UABJO), Roc\u00edo Mart\u00ednez Helmes, acus\u00f3 al rector Cristian Carre\u00f1o por ser omiso ante la toma de las instalaciones de la facultad por parte de un grupo que lidera el ex rector y profesor jubilado Abraham Mart\u00ednez Alavez, padre de la docente. Tambi\u00e9n responsabiliz\u00f3 al responsable de la m\u00e1xima casa de estudios por la campa\u00f1a de descalificaci\u00f3n y de violencia de g\u00e9nero de la que han sido v\u00edctimas ella y sus compa\u00f1eras y exigi\u00f3 las medidas necesarias para su protecci\u00f3n.<\/p>\n\n\n\n<p>Este lunes, al cumplirse tres semanas de la toma de las instalaciones en Ciudad Universitaria, agencia de Cinco Se\u00f1ores, Oaxaca de Ju\u00e1rez, la directora tambi\u00e9n cuestion\u00f3 si la postura del rector es de omisi\u00f3n o de complicidad. Esto porque a pesar de que se ha conducido por la v\u00eda institucional no ha logrado respuesta de Carre\u00f1o.<\/p>\n\n\n\n<p>\u00abEstamos ante un problema pol\u00edtico pactado y orquestado por parte de un grupo pol\u00edtico ante el relevo de la rector\u00eda\u00bb, extern\u00f3 la directora en conferencia de prensa, junto al consejo t\u00e9cnico y coordinadores de la facultad.&nbsp;<\/p>\n\n\n\n<p>Roc\u00edo Mart\u00ednez Helmes lament\u00f3 que sea su propio padre quien est\u00e9 al frente del grupo de 10 personas con las que genera el problema en la facultad para removerla de un cargo por el que, asegur\u00f3, fue electa seg\u00fan la ley org\u00e1nica de la universidad.<\/p>\n\n\n\n<p>\u00abNo soy una directora ausente\u00bb, apunt\u00f3 sobre el camino que ha seguido para solucionar el problema, en el que el grupo en contra ha buscado su remoci\u00f3n del cargo, as\u00ed como lo intent\u00f3 hace un a\u00f1o y medio.<\/p>\n\n\n\n<p>La toma de las instalaciones de la Facultad de Derecho y Ciencias Sociales inici\u00f3 el pasado 19 de mayo, por parte del grupo encabezado por el padre de la directora y que de acuerdo con la docente tiene el apoyo del Sindicato de Trabajadores Acad\u00e9micos de la Universidad de Oaxaca (STAUO) y del Sindicato Universitario de Maestros (SUMA).<\/p>\n\n\n\n<p>Son \u00abgente armada, son delincuencia que se transporta en camionetas. Evidencias la tenemos, en su momento seguramente las vamos a tener que exhibir&#8230; Est\u00e1n usando a nuestros estudiantes en una toma que no es de car\u00e1cter acad\u00e9mico ni laboral, es netamente pol\u00edtico\u00bb, detall\u00f3.<\/p>\n\n\n\n<p>En la conferencia, la directora tambi\u00e9n asegur\u00f3 que el consejo t\u00e9cnico fue electo seg\u00fan la normativa, ante los se\u00f1alamientos de la parte inconforme.<\/p>\n\n\n\n<p>Sobre la omisi\u00f3n del rector Cristian Carre\u00f1o ante el conflicto, detall\u00f3 que desde el 20 de mayo entreg\u00f3 un documento con la relator\u00eda de los hechos y el 21 de mayo se reuni\u00f3 con el rector para hablar sobre los acontecimientos; ah\u00ed se acord\u00f3 dialogar con la parte en conflicto.<\/p>\n\n\n\n<p>El 23 de mayo el rector le entreg\u00f3 el pliego de demandas de la contra parte, por lo que tras acordarlo, se reunieron el d\u00eda 26 en la rector\u00eda para la primera mesa de di\u00e1logo con la parte en conflicto, aunque este se retir\u00f3 sin permitir el di\u00e1logo.<\/p>\n\n\n\n<p>El 29, el rector recibi\u00f3 el documento en el que la directora le solicit\u00f3 formalmente la intervenci\u00f3n y que presente la denuncia por el despojo de las instalaciones. Adem\u00e1s de un escrito para encausar la problem\u00e1tica, se\u00f1al\u00f3 Mart\u00ednez Helmes.&nbsp;<\/p>\n\n\n\n<p>Sin embargo, hasta este lunes segu\u00eda sin respuesta del rector, por lo que lament\u00f3 su falta de disposici\u00f3n para solucionar el conflicto.<\/p>\n\n\n\n<figure class=\"wp-block-embed is-type-rich is-provider-twitter wp-block-embed-twitter\"><div class=\"wp-block-embed__wrapper\">\n<div class=\"twitter-tweet\"><blockquote class=\"twitter-tweet\" data-lang=\"es\"><p lang=\"es\" dir=\"ltr\"><a href=\"https:\/\/twitter.com\/hashtag\/ENVIVO?src=hash&amp;ref_src=twsrc%5Etfw\">#ENVIVO<\/a><br>Oaxaca, Oax., a 9 de junio de 2025.- Conferencia de la Direcci\u00f3n de la Facultad de Derecho de la <a href=\"https:\/\/twitter.com\/UABJO?ref_src=twsrc%5Etfw\">@UABJO<\/a>; denuncian intromisi\u00f3n del ex rector Abraham Mart\u00ednez Alav\u00e9s en el conflicto y pasividad y protecci\u00f3n del rector Cristi\u00e1n \u00c9der Carre\u00f1o.<br>\ud83d\udc47<a href=\"https:\/\/t.co\/bScxkpoqqU\">https:\/\/t.co\/bScxkpoqqU<\/a><\/p>&mdash; Zona Roja Oaxaca (@ZonaRoja_Oaxaca) <a href=\"https:\/\/twitter.com\/ZonaRoja_Oaxaca\/status\/1932132376760451405?ref_src=twsrc%5Etfw\">9 de junio de 2025<\/a><\/blockquote><\/div>\n<\/div><\/figure>\n","protected":false},"excerpt":{"rendered":"<p>Lisbeth Mej\u00eda Reyes\/Zona Roja. Oaxaca, Oax., a 9 de junio de 2025.- La directora de&hellip;<\/p>\n","protected":false},"author":2,"featured_media":81170,"comment_status":"closed","ping_status":"open","sticky":false,"template":"","format":"standard","meta":{"_lmt_disableupdate":"","_lmt_disable":"","_jetpack_memberships_contains_paid_content":false,"footnotes":""},"categories":[109,47],"tags":[295,239],"class_list":["post-81169","post","type-post","status-publish","format-standard","has-post-thumbnail","hentry","category-minuto-a-minuto","category-zona-gris","tag-facultad-de-derecho-y-ciencias-sociales","tag-uabjo"],"jetpack_featured_media_url":"https:\/\/zonaroja.com.mx\/wp-content\/uploads\/2025\/06\/Conferencia-de-prensa-Facultad-de-Derecho.jpg","jetpack_sharing_enabled":true,"_links":{"self":[{"href":"https:\/\/zonaroja.com.mx\/index.php?rest_route=\/wp\/v2\/posts\/81169","targetHints":{"allow":["GET"]}}],"collection":[{"href":"https:\/\/zonaroja.com.mx\/index.php?rest_route=\/wp\/v2\/posts"}],"about":[{"href":"https:\/\/zonaroja.com.mx\/index.php?rest_route=\/wp\/v2\/types\/post"}],"author":[{"embeddable":true,"href":"https:\/\/zonaroja.com.mx\/index.php?rest_route=\/wp\/v2\/users\/2"}],"replies":[{"embeddable":true,"href":"https:\/\/zonaroja.com.mx\/index.php?rest_route=%2Fwp%2Fv2%2Fcomments&post=81169"}],"version-history":[{"count":2,"href":"https:\/\/zonaroja.com.mx\/index.php?rest_route=\/wp\/v2\/posts\/81169\/revisions"}],"predecessor-version":[{"id":81172,"href":"https:\/\/zonaroja.com.mx\/index.php?rest_route=\/wp\/v2\/posts\/81169\/revisions\/81172"}],"wp:featuredmedia":[{"embeddable":true,"href":"https:\/\/zonaroja.com.mx\/index.php?rest_route=\/wp\/v2\/media\/81170"}],"wp:attachment":[{"href":"https:\/\/zonaroja.com.mx\/index.php?rest_route=%2Fwp%2Fv2%2Fmedia&parent=81169"}],"wp:term":[{"taxonomy":"category","embeddable":true,"href":"https:\/\/zonaroja.com.mx\/index.php?rest_route=%2Fwp%2Fv2%2Fcategories&post=81169"},{"taxonomy":"post_tag","embeddable":true,"href":"https:\/\/zonaroja.com.mx\/index.php?rest_route=%2Fwp%2Fv2%2Ftags&post=81169"}],"curies":[{"name":"wp","href":"https:\/\/api.w.org\/{rel}","templated":true}]}}