{"id":8117,"date":"2020-01-27T18:57:42","date_gmt":"2020-01-28T00:57:42","guid":{"rendered":"http:\/\/www.zonaroja.com.mx\/?p=8117"},"modified":"2020-01-27T18:57:46","modified_gmt":"2020-01-28T00:57:46","slug":"la-cuenca-de-oaxaca-zona-sensible-en-inseguridad-pero-no-foco-rojo-durazo","status":"publish","type":"post","link":"https:\/\/zonaroja.com.mx\/?p=8117","title":{"rendered":"La Cuenca de Oaxaca, zona \u201csensible\u201d en inseguridad, pero no \u201cfoco rojo\u201d: Durazo"},"content":{"rendered":"\n<p>Yuridiana Sosa\/Zona Roja.<\/p>\n\n\n\n<p>Oaxaca de Ju\u00e1rez, Oax.,27 de enero de\n2020.- Mientras que el presidente Andr\u00e9s Manuel L\u00f3pez Obrador calific\u00f3 a la\nregi\u00f3n de la Cuenca del Papaloapan en Oaxaca como la zona m\u00e1s violenta de la\nentidad, el secretario de Seguridad P\u00fablica y Protecci\u00f3n Ciudadana, Alfonso\nDurazo Monta\u00f1o contradijo y neg\u00f3 que se trate de una zona que amerita \u201calerta\nroja\u201d.<\/p>\n\n\n\n<p>En entrevista colectiva en el Centro de\nConvenciones, tras la presentaci\u00f3n del programa \u201cJ\u00f3venes construyendo el futuro\u201d\nen materia de Protecci\u00f3n Civil, indic\u00f3 que la zona norte de Oaxaca es una de\nlas \u00e1reas m\u00e1s sensibles en inseguridad y violencia por la existencia de grupos\ncriminales.<\/p>\n\n\n\n<p>Pero, descart\u00f3 que se trate de una zona\nque sea \u201cfoco rojo\u201d en esa materia para el gobierno federal, sin que eso\namerite descuido o desatenci\u00f3n, por lo que dan seguimiento permanente.<\/p>\n\n\n\n<p>Lo declarado por el secretario de Seguridad\nse contrapone con las cifras estatales y as\u00ed como las del mismo Secretariado\nEjecutivo del Sistema Nacional de Seguridad P\u00fablica que han destacado al\nmunicipio de San Juan Bautista Tuxtepec entre los 100 con m\u00e1s \u00edndices en\nfeminicidios.<\/p>\n\n\n\n<p>El funcionario federal destac\u00f3 que para\nOaxaca y en espec\u00edfico para la Cuenca realizaron un nuevo plan de seguridad en\ncoordinaci\u00f3n con el gobierno del estado con el que pretenden la reducci\u00f3n de la\nviolencia y el cual implementar\u00e1n a la brevedad.<\/p>\n\n\n\n<p>\u201cMientras no logremos que en Oaxaca y\nen el pa\u00eds mejores condiciones de seguridad, estables, permanentes, tenemos que\nestar atentos\u201d, expres\u00f3 a los medios de comunicaci\u00f3n en el Centro Cultural y de\nConvenciones de Oaxaca, ubicado en Santa Luc\u00eda del Camino, conurbado a la\ncapital.<\/p>\n\n\n\n<p>Durazo Monta\u00f1o confi\u00f3 en que con las\nestrategias para combatir la corrupci\u00f3n y \u201clas cosas profundas que generan\ninseguridad, as\u00ed como generando oportunidades de estudios, de salud, econ\u00f3micas\ny particularmente para los j\u00f3venes y capacitando a los elementos policiales y\npag\u00e1ndoles mejor, podemos dar mejores resultados\u201d, apunt\u00f3.<\/p>\n\n\n\n<p>EN LA FRONTERA<\/p>\n\n\n\n<p>Por otra parte, frente al arribo de\notra caravana de centroamericana a M\u00e9xico, el Secretario de Seguridad P\u00fablica y\nProtecci\u00f3n Ciudadana se\u00f1al\u00f3 que en la frontera sur la Guardia Nacional se\ndesempe\u00f1a con respeto a las garant\u00edas y derechos humanos.<\/p>\n\n\n\n<p>Indic\u00f3 que una muestra del respeto a la\nintegridad de los migrantes es que la Comisi\u00f3n Nacional de Derechos Humanos no\nha emitido recomendaciones a esa dependencia por la acci\u00f3n de la Guardia\nNacional en la frontera sur.<\/p>\n\n\n\n<p>Respecto a la Guardia Nacional, a casi\nun a\u00f1o de su creaci\u00f3n, dijo que actualmente existen 76 mil elementos\ndesplegados en todo el territorio mexicano y para este a\u00f1o se prev\u00e9 la\nincorporaci\u00f3n de m\u00e1s de 21 mil elementos para protecci\u00f3n ciudadana.<\/p>\n","protected":false},"excerpt":{"rendered":"<p>Yuridiana Sosa\/Zona Roja. Oaxaca de Ju\u00e1rez, Oax.,27 de enero de 2020.- Mientras que el presidente&hellip;<\/p>\n","protected":false},"author":2,"featured_media":8118,"comment_status":"closed","ping_status":"open","sticky":false,"template":"","format":"standard","meta":{"_lmt_disableupdate":"","_lmt_disable":"","_jetpack_memberships_contains_paid_content":false,"footnotes":""},"categories":[109,47],"tags":[1325,820],"class_list":["post-8117","post","type-post","status-publish","format-standard","has-post-thumbnail","hentry","category-minuto-a-minuto","category-zona-gris","tag-alfonso-durazo","tag-secretaria-de-seguridad-y-proteccion-ciudadana"],"jetpack_featured_media_url":"https:\/\/zonaroja.com.mx\/wp-content\/uploads\/2020\/01\/Afonso-Durazo.jpg","jetpack_sharing_enabled":true,"_links":{"self":[{"href":"https:\/\/zonaroja.com.mx\/index.php?rest_route=\/wp\/v2\/posts\/8117","targetHints":{"allow":["GET"]}}],"collection":[{"href":"https:\/\/zonaroja.com.mx\/index.php?rest_route=\/wp\/v2\/posts"}],"about":[{"href":"https:\/\/zonaroja.com.mx\/index.php?rest_route=\/wp\/v2\/types\/post"}],"author":[{"embeddable":true,"href":"https:\/\/zonaroja.com.mx\/index.php?rest_route=\/wp\/v2\/users\/2"}],"replies":[{"embeddable":true,"href":"https:\/\/zonaroja.com.mx\/index.php?rest_route=%2Fwp%2Fv2%2Fcomments&post=8117"}],"version-history":[{"count":1,"href":"https:\/\/zonaroja.com.mx\/index.php?rest_route=\/wp\/v2\/posts\/8117\/revisions"}],"predecessor-version":[{"id":8119,"href":"https:\/\/zonaroja.com.mx\/index.php?rest_route=\/wp\/v2\/posts\/8117\/revisions\/8119"}],"wp:featuredmedia":[{"embeddable":true,"href":"https:\/\/zonaroja.com.mx\/index.php?rest_route=\/wp\/v2\/media\/8118"}],"wp:attachment":[{"href":"https:\/\/zonaroja.com.mx\/index.php?rest_route=%2Fwp%2Fv2%2Fmedia&parent=8117"}],"wp:term":[{"taxonomy":"category","embeddable":true,"href":"https:\/\/zonaroja.com.mx\/index.php?rest_route=%2Fwp%2Fv2%2Fcategories&post=8117"},{"taxonomy":"post_tag","embeddable":true,"href":"https:\/\/zonaroja.com.mx\/index.php?rest_route=%2Fwp%2Fv2%2Ftags&post=8117"}],"curies":[{"name":"wp","href":"https:\/\/api.w.org\/{rel}","templated":true}]}}