{"id":81180,"date":"2025-06-09T20:32:29","date_gmt":"2025-06-10T02:32:29","guid":{"rendered":"https:\/\/zonaroja.com.mx\/?p=81180"},"modified":"2025-06-09T20:32:32","modified_gmt":"2025-06-10T02:32:32","slug":"chiapas-oaxaca-y-guerrero-los-estados-con-mas-pobreza-laboral-en-mexico","status":"publish","type":"post","link":"https:\/\/zonaroja.com.mx\/?p=81180","title":{"rendered":"Chiapas, Oaxaca y Guerrero, los estados con m\u00e1s pobreza laboral en M\u00e9xico"},"content":{"rendered":"\n<p>Redacci\u00f3n\/Zona Roja Cdmx.<\/p>\n\n\n\n<p>Ciudad de M\u00e9xico, a 9 de junio de 2025.- Pese a los esfuerzos en pol\u00edtica p\u00fablica que se han realizado para potenciar el desarrollo en el sureste mexicano, Chiapas, Oaxaca y Guerrero siguen siendo las entidades con mayor pobreza total y particularmente pobreza laboral.<\/p>\n\n\n\n<p>Al primer trimestre del 2025 se registr\u00f3 una mejora en el nivel de pobreza laboral en M\u00e9xico; con un 33.9% de los trabajadores en esta condici\u00f3n.&nbsp;<\/p>\n\n\n\n<p>La pobreza laboral se refiere a la cantidad de trabajadores \u2014formales e informales\u2014 cuyos ingresos son insuficientes para cubrir la canasta b\u00e1sica.<\/p>\n\n\n\n<p>Chiapas se coloc\u00f3 como la entidad con mayor nivel de pobreza laboral, con un 59.2% de su fuerza de trabajo en esta situaci\u00f3n, de acuerdo con el Sem\u00e1foro Estatal de Pobreza Laboral de M\u00e9xico, \u00bfc\u00f3mo vamos?<\/p>\n\n\n\n<p>Oaxaca, Guerrero, Veracruz y Zacatecas completaron el top cinco de estados con mayor pobreza laboral. Por el contrario, Baja California Sur fue la entidad con el menor nivel de pobreza laboral, con 12.8 por ciento.<\/p>\n\n\n\n<p>Esta medici\u00f3n estaba a cargo del Consejo Nacional de Evaluaci\u00f3n de la Pol\u00edtica de Desarrollo Social que fue disuelto y sus facultades transferidas al Inegi. Pese a ello, la organizaci\u00f3n M\u00e9xico, \u00bfC\u00f3mo vamos? contin\u00faa dando seguimiento a este indicador.<\/p>\n\n\n\n<p>(Informaci\u00f3n de \u201cEl Economista\u201d)<\/p>\n","protected":false},"excerpt":{"rendered":"<p>Redacci\u00f3n\/Zona Roja Cdmx. Ciudad de M\u00e9xico, a 9 de junio de 2025.- Pese a los&hellip;<\/p>\n","protected":false},"author":2,"featured_media":70265,"comment_status":"closed","ping_status":"open","sticky":false,"template":"","format":"standard","meta":{"_lmt_disableupdate":"","_lmt_disable":"","_jetpack_memberships_contains_paid_content":false,"footnotes":""},"categories":[109,47],"tags":[3317],"class_list":["post-81180","post","type-post","status-publish","format-standard","has-post-thumbnail","hentry","category-minuto-a-minuto","category-zona-gris","tag-pobreza-en-oaxaca"],"jetpack_featured_media_url":"https:\/\/zonaroja.com.mx\/wp-content\/uploads\/2024\/07\/Canasta-basica-inflacion.jpeg","jetpack_sharing_enabled":true,"_links":{"self":[{"href":"https:\/\/zonaroja.com.mx\/index.php?rest_route=\/wp\/v2\/posts\/81180","targetHints":{"allow":["GET"]}}],"collection":[{"href":"https:\/\/zonaroja.com.mx\/index.php?rest_route=\/wp\/v2\/posts"}],"about":[{"href":"https:\/\/zonaroja.com.mx\/index.php?rest_route=\/wp\/v2\/types\/post"}],"author":[{"embeddable":true,"href":"https:\/\/zonaroja.com.mx\/index.php?rest_route=\/wp\/v2\/users\/2"}],"replies":[{"embeddable":true,"href":"https:\/\/zonaroja.com.mx\/index.php?rest_route=%2Fwp%2Fv2%2Fcomments&post=81180"}],"version-history":[{"count":1,"href":"https:\/\/zonaroja.com.mx\/index.php?rest_route=\/wp\/v2\/posts\/81180\/revisions"}],"predecessor-version":[{"id":81181,"href":"https:\/\/zonaroja.com.mx\/index.php?rest_route=\/wp\/v2\/posts\/81180\/revisions\/81181"}],"wp:featuredmedia":[{"embeddable":true,"href":"https:\/\/zonaroja.com.mx\/index.php?rest_route=\/wp\/v2\/media\/70265"}],"wp:attachment":[{"href":"https:\/\/zonaroja.com.mx\/index.php?rest_route=%2Fwp%2Fv2%2Fmedia&parent=81180"}],"wp:term":[{"taxonomy":"category","embeddable":true,"href":"https:\/\/zonaroja.com.mx\/index.php?rest_route=%2Fwp%2Fv2%2Fcategories&post=81180"},{"taxonomy":"post_tag","embeddable":true,"href":"https:\/\/zonaroja.com.mx\/index.php?rest_route=%2Fwp%2Fv2%2Ftags&post=81180"}],"curies":[{"name":"wp","href":"https:\/\/api.w.org\/{rel}","templated":true}]}}