{"id":81182,"date":"2025-06-09T21:26:22","date_gmt":"2025-06-10T03:26:22","guid":{"rendered":"https:\/\/zonaroja.com.mx\/?p=81182"},"modified":"2025-06-09T21:26:24","modified_gmt":"2025-06-10T03:26:24","slug":"musico-oaxaqueno-faustino-diaz-presente-en-festival-de-la-universidad-de-bufalo-eu","status":"publish","type":"post","link":"https:\/\/zonaroja.com.mx\/?p=81182","title":{"rendered":"M\u00fasico oaxaque\u00f1o Faustino D\u00edaz, presente en festival de la Universidad de B\u00fafalo, EU\u00a0"},"content":{"rendered":"\n<p>Lisbeth Mej\u00eda Reyes\/Zona Roja.&nbsp;<\/p>\n\n\n\n<p>Oaxaca, Oax., a 9 de junio de 2025.- El m\u00fasico oaxaque\u00f1o Faustino D\u00edaz fue parte del festival de m\u00fasica Junio en B\u00fafalo, que celebr\u00f3 su 50 aniversario y que se realiza anualmente en la Universidad de B\u00fafalo, Estados Unidos.&nbsp;<\/p>\n\n\n\n<p>El trombonista originario de San Lorenzo Cacaotepec y director de la Orquesta Sinf\u00f3nica de Oaxaca se present\u00f3 como parte del Meridian Arts Ensemble, que ofreci\u00f3 dos recitales los d\u00edas 3 y 6 de junio.<\/p>\n\n\n\n<p>A trav\u00e9s de la red social Facebook, el m\u00fasico public\u00f3 que fue una \u00abmaravillosa semana\u00bb la vivida en la Facultad de Artes y Ciencias de la Universidad de B\u00fafalo Nueva York.<\/p>\n\n\n\n<p>Fueron \u00abdos tremendos conciertos con el fant\u00e1stico Meridian Arts Ensemble donde ahora soy trompetista y sinceramente es m\u00e1s divertido que el tromb\u00f3n\u00bb, comparti\u00f3 el int\u00e9rprete y director, quien agradeci\u00f3 la confianza del grupo, uno de los m\u00e1s importantes ensambles de metales de Estados Unidos.<\/p>\n\n\n\n<p>Junio en B\u00fafalo es un festival y programa de conferencias \u00abdedicado a compositores contempor\u00e1neos, que se celebra anualmente en la Universidad de Buffalo\u00bb, se\u00f1ala el sitio del festival que se fund\u00f3 en 1975 por el compositor Morton Feldman y que \u00abse ha convertido en un pilar de la m\u00fasica moderna, ofreciendo una plataforma inigualable para que los compositores perfeccionen su arte, colaboren con colegas y presenten su obra\u00bb.<\/p>\n\n\n\n<p>En este a\u00f1o, el festival que se desarroll\u00f3 del 1 al 7 de junio, celebr\u00f3 su 50 aniversario \u00abcomo referente de la m\u00fasica contempor\u00e1nea\u00bb, tanto para compositores, int\u00e9rpretes y estudiosos de la nueva m\u00fasicanemergentes y consagrados.<\/p>\n\n\n\n<p>El programa incluy\u00f3 a compositores como Peter Gilbert, George Lewis, Karola Oberm\u00fcller, David Sanford y Ming Tsao.<\/p>\n\n\n\n<p>Bajo la direcci\u00f3n art\u00edstica de Jonathan Golove, el festival tuvo como conjunto la residentes al Meridian Arts Ensemble, la Slee Sinfonietta y el Switch Ensemble. Adem\u00e1s de invitados especiales: la soprano Tiffany Du Mouchelle, el pianista Eric Huebner y el saxofonista Kyle Hutchins<\/p>\n","protected":false},"excerpt":{"rendered":"<p>Lisbeth Mej\u00eda Reyes\/Zona Roja.&nbsp; Oaxaca, Oax., a 9 de junio de 2025.- El m\u00fasico oaxaque\u00f1o&hellip;<\/p>\n","protected":false},"author":2,"featured_media":81183,"comment_status":"closed","ping_status":"open","sticky":false,"template":"","format":"standard","meta":{"_lmt_disableupdate":"","_lmt_disable":"","_jetpack_memberships_contains_paid_content":false,"footnotes":""},"categories":[109,46],"tags":[4330],"class_list":["post-81182","post","type-post","status-publish","format-standard","has-post-thumbnail","hentry","category-minuto-a-minuto","category-zona-blanca","tag-faustino-diaz-musico"],"jetpack_featured_media_url":"https:\/\/zonaroja.com.mx\/wp-content\/uploads\/2025\/06\/Musico-Faustino-Diaz.jpg","jetpack_sharing_enabled":true,"_links":{"self":[{"href":"https:\/\/zonaroja.com.mx\/index.php?rest_route=\/wp\/v2\/posts\/81182","targetHints":{"allow":["GET"]}}],"collection":[{"href":"https:\/\/zonaroja.com.mx\/index.php?rest_route=\/wp\/v2\/posts"}],"about":[{"href":"https:\/\/zonaroja.com.mx\/index.php?rest_route=\/wp\/v2\/types\/post"}],"author":[{"embeddable":true,"href":"https:\/\/zonaroja.com.mx\/index.php?rest_route=\/wp\/v2\/users\/2"}],"replies":[{"embeddable":true,"href":"https:\/\/zonaroja.com.mx\/index.php?rest_route=%2Fwp%2Fv2%2Fcomments&post=81182"}],"version-history":[{"count":1,"href":"https:\/\/zonaroja.com.mx\/index.php?rest_route=\/wp\/v2\/posts\/81182\/revisions"}],"predecessor-version":[{"id":81184,"href":"https:\/\/zonaroja.com.mx\/index.php?rest_route=\/wp\/v2\/posts\/81182\/revisions\/81184"}],"wp:featuredmedia":[{"embeddable":true,"href":"https:\/\/zonaroja.com.mx\/index.php?rest_route=\/wp\/v2\/media\/81183"}],"wp:attachment":[{"href":"https:\/\/zonaroja.com.mx\/index.php?rest_route=%2Fwp%2Fv2%2Fmedia&parent=81182"}],"wp:term":[{"taxonomy":"category","embeddable":true,"href":"https:\/\/zonaroja.com.mx\/index.php?rest_route=%2Fwp%2Fv2%2Fcategories&post=81182"},{"taxonomy":"post_tag","embeddable":true,"href":"https:\/\/zonaroja.com.mx\/index.php?rest_route=%2Fwp%2Fv2%2Ftags&post=81182"}],"curies":[{"name":"wp","href":"https:\/\/api.w.org\/{rel}","templated":true}]}}