{"id":81188,"date":"2025-06-10T10:00:00","date_gmt":"2025-06-10T16:00:00","guid":{"rendered":"https:\/\/zonaroja.com.mx\/?p=81188"},"modified":"2025-06-10T07:06:31","modified_gmt":"2025-06-10T13:06:31","slug":"oaxaca-guerrero-y-chiapas-con-mas-adolescentes-indigenas-casadas-o-en-union","status":"publish","type":"post","link":"https:\/\/zonaroja.com.mx\/?p=81188","title":{"rendered":"Oaxaca, Guerrero y Chiapas, con m\u00e1s adolescentes ind\u00edgenas casadas o en uni\u00f3n"},"content":{"rendered":"\n<p>Lisbeth Mej\u00eda Reyes\/Zona Roja.<\/p>\n\n\n\n<p>Oaxaca, Ox., a 10 de junio de 2025.- A pesar de que est\u00e1 prohibido desde el 2019, el matrimonio infantil persiste en el estado de Oaxaca y violenta los derechos de ni\u00f1as, ni\u00f1os y adolescentes, especialmente en las comunidades ind\u00edgenas, donde las m\u00e1s afectadas por este problema son las mujeres.<\/p>\n\n\n\n<p>De acuerdo con datos del Instituto Nacional de Estad\u00edstica y Geograf\u00eda (INEGI, 2020) y de la Red por los Derechos de la Infancia en M\u00e9xico (Redim), los estados de Oaxaca, Guerrero y Chiapas concentran a m\u00e1s de la mitad de las 27 mil 800 adolescentes ind\u00edgenas de entre 12 y 17 a\u00f1os que est\u00e1n casadas o en uni\u00f3n libre.<\/p>\n\n\n\n<p>Por estado, Chiapas ocupa el primer lugar con 8 mil 312; Oaxaca, el segundo, con 3 mil 937; y Guerrero, el tercer sitio con 2 mil 933.<\/p>\n\n\n\n<p>Recientemente, Oaxaca atrajo la atenci\u00f3n medi\u00e1tica por el presunto matrimonio de dos adolescentes y la ingesta de bebidas alcoh\u00f3licas por parte de un ni\u00f1o, hechos ocurridos en la poblaci\u00f3n de San Juanito Yosocani, San Lorenzo.&nbsp;<\/p>\n\n\n\n<p>Un caso similar sucedi\u00f3 en mayo en Guerrero, con la boda de Natalia y Miguel, adolescentes de 16 y 17 a\u00f1os, en San Pedro Cuitlapan, municipio de Tlacoachistlahuaca.<\/p>\n\n\n\n<p>LAS REACCIONES<\/p>\n\n\n\n<p>Las im\u00e1genes de lo sucedido en la comunidad ind\u00edgena de Yosocani, en la regi\u00f3n costa de Oaxaca, generaron la reacci\u00f3n de organismos de la sociedad civil y de las instituciones federales, al se\u00f1alar que se vulneran los derechos de las y los menores de edad.&nbsp;<\/p>\n\n\n\n<p>El Grupo de Estudios sobre la Mujer Rosario Castellanos (GES Mujer), organizaci\u00f3n oaxaque\u00f1a, se\u00f1al\u00f3 que \u00abla representaci\u00f3n simb\u00f3lica de una boda entre menores de edad valida y refuerza normas sociales patriarcales y desigualdades estructurales que perpet\u00faan las uniones infantiles, tempranas y\/o forzadas (legales o no)\u00bb.<\/p>\n\n\n\n<p>Tambi\u00e9n genera presi\u00f3n social para que ni\u00f1as, ni\u00f1os y adolescentes asuman roles y responsabilidades adultas que no corresponden a su etapa de vida. En el caso de las ni\u00f1as, \u00abse promueve la idea de que deben convertirse en esposas y madres desde edades tempranas\u00bb, lo que pone en riesgo su salud f\u00edsica y emocional, e impide su derecho a decidir. En los varones, \u00ablos estereotipos sobre la masculinidad tambi\u00e9n resultan profundamente da\u00f1inos\u00bb.<\/p>\n\n\n\n<p>Los matrimonios o uniones infantiles, explica la organizaci\u00f3n, est\u00e1n vinculados \u00aba embarazos adolescentes, deserci\u00f3n escolar, violencia sexual y pobreza estructural\u00bb.<\/p>\n\n\n\n<p>Desde hace varios a\u00f1os, la Redim ha condenado los matrimonios infantiles, una \u00abpr\u00e1ctica que, bajo el argumento de los usos y costumbres de las comunidades ind\u00edgenas, cosifica a ni\u00f1as y adolescentes en diversas entidades del pa\u00eds\u00bb.<\/p>\n\n\n\n<p>Despu\u00e9s de la difusi\u00f3n del video de la presunta boda de adolescentes y del ni\u00f1o ingiriendo cerveza en esta comunidad mixteca, la Secretar\u00eda Ejecutiva del Sistema Nacional de Protecci\u00f3n Integral de Ni\u00f1as, Ni\u00f1os y Adolescentes (SIPINNA) manifest\u00f3 el 6 de junio su preocupaci\u00f3n y rechazo, y llam\u00f3 a las autoridades estatales y municipales, as\u00ed como a los sistemas de protecci\u00f3n de Oaxaca, para investigar el caso.<\/p>\n\n\n\n<p>El 7 de junio, el Sistema Estatal para el Desarrollo Integral de la Familia (DIF) inform\u00f3 que inici\u00f3 de oficio el expediente &nbsp;0628\/PRODENNAO\/SPE\/2025 \u00abpara identificar la vulneraci\u00f3n de derechos hacia menores de edad durante la celebraci\u00f3n de una boda, en la localidad de San Juanito Yosocani, ubicada en el municipio de San Lorenzo, en la Costa oaxaque\u00f1a.<\/p>\n","protected":false},"excerpt":{"rendered":"<p>Lisbeth Mej\u00eda Reyes\/Zona Roja. Oaxaca, Ox., a 10 de junio de 2025.- A pesar de&hellip;<\/p>\n","protected":false},"author":2,"featured_media":81189,"comment_status":"closed","ping_status":"open","sticky":false,"template":"","format":"standard","meta":{"_lmt_disableupdate":"","_lmt_disable":"","_jetpack_memberships_contains_paid_content":false,"footnotes":""},"categories":[109,47],"tags":[4331],"class_list":["post-81188","post","type-post","status-publish","format-standard","has-post-thumbnail","hentry","category-minuto-a-minuto","category-zona-gris","tag-matrimonio-infantil-en-mexico"],"jetpack_featured_media_url":"https:\/\/zonaroja.com.mx\/wp-content\/uploads\/2025\/06\/Boda-San-Juanito-Yosocani.jpg.webp","jetpack_sharing_enabled":true,"_links":{"self":[{"href":"https:\/\/zonaroja.com.mx\/index.php?rest_route=\/wp\/v2\/posts\/81188","targetHints":{"allow":["GET"]}}],"collection":[{"href":"https:\/\/zonaroja.com.mx\/index.php?rest_route=\/wp\/v2\/posts"}],"about":[{"href":"https:\/\/zonaroja.com.mx\/index.php?rest_route=\/wp\/v2\/types\/post"}],"author":[{"embeddable":true,"href":"https:\/\/zonaroja.com.mx\/index.php?rest_route=\/wp\/v2\/users\/2"}],"replies":[{"embeddable":true,"href":"https:\/\/zonaroja.com.mx\/index.php?rest_route=%2Fwp%2Fv2%2Fcomments&post=81188"}],"version-history":[{"count":1,"href":"https:\/\/zonaroja.com.mx\/index.php?rest_route=\/wp\/v2\/posts\/81188\/revisions"}],"predecessor-version":[{"id":81190,"href":"https:\/\/zonaroja.com.mx\/index.php?rest_route=\/wp\/v2\/posts\/81188\/revisions\/81190"}],"wp:featuredmedia":[{"embeddable":true,"href":"https:\/\/zonaroja.com.mx\/index.php?rest_route=\/wp\/v2\/media\/81189"}],"wp:attachment":[{"href":"https:\/\/zonaroja.com.mx\/index.php?rest_route=%2Fwp%2Fv2%2Fmedia&parent=81188"}],"wp:term":[{"taxonomy":"category","embeddable":true,"href":"https:\/\/zonaroja.com.mx\/index.php?rest_route=%2Fwp%2Fv2%2Fcategories&post=81188"},{"taxonomy":"post_tag","embeddable":true,"href":"https:\/\/zonaroja.com.mx\/index.php?rest_route=%2Fwp%2Fv2%2Ftags&post=81188"}],"curies":[{"name":"wp","href":"https:\/\/api.w.org\/{rel}","templated":true}]}}