{"id":81194,"date":"2025-06-10T08:00:00","date_gmt":"2025-06-10T14:00:00","guid":{"rendered":"https:\/\/zonaroja.com.mx\/?p=81194"},"modified":"2025-06-10T07:05:28","modified_gmt":"2025-06-10T13:05:28","slug":"resurge-oposicion-de-san-vicente-coatlan-a-presa-en-paso-ancho","status":"publish","type":"post","link":"https:\/\/zonaroja.com.mx\/?p=81194","title":{"rendered":"Resurge oposici\u00f3n de San Vicente Coatl\u00e1n a presa en \u201cPaso Ancho\u201d"},"content":{"rendered":"\n<p>Lisbeth Mej\u00eda Reyes\/Zona Roja.<\/p>\n\n\n\n<p>Oaxaca, Oax., a 10 de junio de 2025.- El Comisariado de Bienes Comunales de San Vicente Coatl\u00e1n denunci\u00f3 que los gobiernos estatal y federal han retomado el proyecto de construcci\u00f3n de la presa \u201cPaso Ancho\u201d, ahora llamada \u201cMargarita Maza\u201d, sin contemplar la problem\u00e1tica agraria, social y de violencia en la zona donde se desarrollar\u00e1.&nbsp;<\/p>\n\n\n\n<p>Adem\u00e1s de que no se les ha informado sobre este proyecto con el que se busca atender la problem\u00e1tica del agua de la zona metropolitana de Oaxaca, principalmente de la capital.<\/p>\n\n\n\n<p>De acuerdo con el comisariado, este proyecto ya ha generado conflictos y derramado sangre.&nbsp;<\/p>\n\n\n\n<p>\u00abPor el enga\u00f1o, manipulaci\u00f3n, corrupci\u00f3n, impunidad de la autoridades judiciales, de gobierno federal y gobierno estatal, la comunidad de San Vicente Coatl\u00e1n ha sufrido mucho con este conflicto, pues en el a\u00f1o 2011 y 2012 fueron emboscados y asesinados 10 paisanos\u00bb, recordaron en una carta del 14 de mayo.<\/p>\n\n\n\n<p>En la misiva dirigida a la presidenta Claudia Sheinbaum, as\u00ed como a la secretaria de Desarrollo Agrario, Territorial y Urbano, Edna Vega Rangel, y otras autoridades federales, el comisariado solicit\u00f3 una reuni\u00f3n de trabajo con la titular del Ejecutivo federal para conocer del proyecto, a fin de \u00abevitar una desgracia mayor en la zona\u00bb.<\/p>\n\n\n\n<p>Sin embargo, hasta ahora las autoridades agrarias de San Vicente no han conseguido el encuentro con la Presidenta ni con los dem\u00e1s funcionarios de las dependencias a las que dirigieron la carta, entre estas el Instituto Nacional de los Pueblos Ind\u00edgenas, la Procuradur\u00eda Agraria, la Comisi\u00f3n Nacional del Agua y la Secretar\u00eda de Infraestructura, Comunicaciones y Transportes.<\/p>\n\n\n\n<p>El pasado 17 de marzo, el gobernador Salom\u00f3n Jara se\u00f1al\u00f3 que la construcci\u00f3n de la presa \u201cMargarita Maza\u201d tendr\u00e1 una inversi\u00f3n de 4 mil 600 millones de pesos y que con esta se pretende \u00abgarantizar mil litros de agua por segundo en beneficio de 641 mil oaxaque\u00f1as y oaxaque\u00f1os\u00bb.<\/p>\n\n\n\n<p>Sobre el proyecto, organizaciones de la sociedad civil como el Observatorio Ciudadano Comunitario del Agua y Medio Ambiente de los Valles Centrales de Oaxaca (OCCAMA), han se\u00f1alado que la presa Paso Ancho, ahora denominada Margarita Maza, es un proyecto impuesto y que ya fracas\u00f3 en sexenios anteriores.<\/p>\n\n\n\n<p>En la carta firmada por Enrique Hern\u00e1ndez Hern\u00e1ndez, presidente del comisariado; Etelberto Garc\u00eda Mart\u00ednez, secretario; Juan Maya Antonio, presidente del consejo de vigilancia; Valentina Dami\u00e1n Osorio, suplente del comisariado, y Jaime Cruz Antonio, primer secretario, la autoridad agraria de San Vicente Coatl\u00e1n neg\u00f3 estar en contra de toda obra que beneficie a la regi\u00f3n, a la poblaci\u00f3n oaxaque\u00f1a o del pa\u00eds. \u00danicamente pide que se retomen las mesas de di\u00e1logo en beneficio de San Vicente Coatl\u00e1n y para lograr la estabilidad de la zona.<\/p>\n\n\n\n<figure class=\"wp-block-embed is-type-rich is-provider-twitter wp-block-embed-twitter\"><div class=\"wp-block-embed__wrapper\">\n<div class=\"twitter-tweet\"><blockquote class=\"twitter-tweet\" data-lang=\"es\"><p lang=\"es\" dir=\"ltr\">Hay inconformidad por la construcci\u00f3n de la presa \u201cPaso Ancho\u201d por parte de autoridades agrarias San Vicente Coatl\u00e1n, Oaxaca. <br>De manera insistente han solicitado una audiencia con el gobierno federal, pero no los atienden. <br>Esta es la petici\u00f3n formal m\u00e1s reciente: <a href=\"https:\/\/t.co\/KuHC4Oz5X6\">pic.twitter.com\/KuHC4Oz5X6<\/a><\/p>&mdash; Zona Roja Oaxaca (@ZonaRoja_Oaxaca) <a href=\"https:\/\/twitter.com\/ZonaRoja_Oaxaca\/status\/1932257757354504407?ref_src=twsrc%5Etfw\">10 de junio de 2025<\/a><\/blockquote><\/div>\n<\/div><\/figure>\n","protected":false},"excerpt":{"rendered":"<p>Lisbeth Mej\u00eda Reyes\/Zona Roja. Oaxaca, Oax., a 10 de junio de 2025.- El Comisariado de&hellip;<\/p>\n","protected":false},"author":2,"featured_media":64522,"comment_status":"closed","ping_status":"open","sticky":false,"template":"","format":"standard","meta":{"_lmt_disableupdate":"","_lmt_disable":"","_jetpack_memberships_contains_paid_content":false,"footnotes":""},"categories":[109,47],"tags":[3818],"class_list":["post-81194","post","type-post","status-publish","format-standard","has-post-thumbnail","hentry","category-minuto-a-minuto","category-zona-gris","tag-presa-paso-ancho-oaxaca"],"jetpack_featured_media_url":"https:\/\/zonaroja.com.mx\/wp-content\/uploads\/2024\/01\/Presa-Paso-Ancho-Oaxaca.jpg","jetpack_sharing_enabled":true,"_links":{"self":[{"href":"https:\/\/zonaroja.com.mx\/index.php?rest_route=\/wp\/v2\/posts\/81194","targetHints":{"allow":["GET"]}}],"collection":[{"href":"https:\/\/zonaroja.com.mx\/index.php?rest_route=\/wp\/v2\/posts"}],"about":[{"href":"https:\/\/zonaroja.com.mx\/index.php?rest_route=\/wp\/v2\/types\/post"}],"author":[{"embeddable":true,"href":"https:\/\/zonaroja.com.mx\/index.php?rest_route=\/wp\/v2\/users\/2"}],"replies":[{"embeddable":true,"href":"https:\/\/zonaroja.com.mx\/index.php?rest_route=%2Fwp%2Fv2%2Fcomments&post=81194"}],"version-history":[{"count":1,"href":"https:\/\/zonaroja.com.mx\/index.php?rest_route=\/wp\/v2\/posts\/81194\/revisions"}],"predecessor-version":[{"id":81195,"href":"https:\/\/zonaroja.com.mx\/index.php?rest_route=\/wp\/v2\/posts\/81194\/revisions\/81195"}],"wp:featuredmedia":[{"embeddable":true,"href":"https:\/\/zonaroja.com.mx\/index.php?rest_route=\/wp\/v2\/media\/64522"}],"wp:attachment":[{"href":"https:\/\/zonaroja.com.mx\/index.php?rest_route=%2Fwp%2Fv2%2Fmedia&parent=81194"}],"wp:term":[{"taxonomy":"category","embeddable":true,"href":"https:\/\/zonaroja.com.mx\/index.php?rest_route=%2Fwp%2Fv2%2Fcategories&post=81194"},{"taxonomy":"post_tag","embeddable":true,"href":"https:\/\/zonaroja.com.mx\/index.php?rest_route=%2Fwp%2Fv2%2Ftags&post=81194"}],"curies":[{"name":"wp","href":"https:\/\/api.w.org\/{rel}","templated":true}]}}