{"id":81197,"date":"2025-06-10T11:00:00","date_gmt":"2025-06-10T17:00:00","guid":{"rendered":"https:\/\/zonaroja.com.mx\/?p=81197"},"modified":"2025-06-10T07:24:56","modified_gmt":"2025-06-10T13:24:56","slug":"impulsan-en-oaxaca-nueva-licenciatura-en-lenguas-indigenas","status":"publish","type":"post","link":"https:\/\/zonaroja.com.mx\/?p=81197","title":{"rendered":"Impulsan en Oaxaca nueva licenciatura en lenguas ind\u00edgenas\u00a0"},"content":{"rendered":"\n<p>Raymundo Morales\/Zona Roja.<\/p>\n\n\n\n<p>Oaxaca, Oax., a 10 de junio de 2025.- La Universidad de las Lenguas Ind\u00edgenas de M\u00e9xico (ULIM)&nbsp;y la Universidad Aut\u00f3noma Comunal de Oaxaca (UACO)&nbsp;anunciaron la apertura de la&nbsp;Licenciatura en Interpretaci\u00f3n y Traducci\u00f3n en Lenguas Ind\u00edgenas.<\/p>\n\n\n\n<p>En conferencia de prensa, dieron a conocer que esta oferta educativa surge desde el compromiso con los pueblos originarios y la urgencia de garantizar el ejercicio pleno de los derechos ling\u00fc\u00edsticos en los \u00e1mbitos de la justicia, la salud y la educaci\u00f3n.<\/p>\n\n\n\n<p>Esta nueva licenciatura se impartir\u00e1 en el Centro Universitario Comunal de los Valles Centrales de la UACO, ubicado en Hacienda Blanca, San Pablo Etla, Oaxaca, como parte de una alianza estrat\u00e9gica entre dos universidades p\u00fablicas que reconocen en la diversidad ling\u00fc\u00edstica no una barrera, sino una riqueza que debe ser cuidada, reconocida y fortalecida.<\/p>\n\n\n\n<p>Tanto el rector de la UACO, Rigoberto V\u00e1squez Garc\u00eda, como el rector de la ULIM, Juan Carlos Reyes G\u00f3mez, precisaron que esta nueva especialidad responde responde a una realidad dolorosa pero persistente:&nbsp;<\/p>\n\n\n\n<p>Miles de personas ind\u00edgenas en M\u00e9xico siguen enfrentando procesos legales, diagn\u00f3sticos m\u00e9dicos o tr\u00e1mites educativos sin contar con acompa\u00f1amiento ling\u00fc\u00edstico adecuado.&nbsp;<\/p>\n\n\n\n<p>Y es que de acuerdo con datos del informe de Asilegal (2017), el 42% de las personas ind\u00edgenas encarceladas en Chiapas y el 40% en Oaxaca no tuvieron acceso a un int\u00e9rprete durante sus procesos judiciales.<\/p>\n\n\n\n<p>&nbsp;Peor a\u00fan, entre quienes s\u00ed recibieron ese servicio, m\u00e1s del 40% no entendi\u00f3 al int\u00e9rprete.Estos datos evidencian la falta de formaci\u00f3n profesional en esta labor fundamental.&nbsp;<\/p>\n\n\n\n<p>Frente a esta deuda hist\u00f3rica, la licenciatura busca formar int\u00e9rpretes y traductores con preparaci\u00f3n \u00e9tica, pol\u00edtica y ling\u00fc\u00edstica, desde una visi\u00f3n comunitaria e ind\u00edgena.<\/p>\n\n\n\n<p>Esta licenciatura no solo forma profesionales:&nbsp;forma comunalistas del lenguaje y el entendimiento, personas capaces de mediar entre mundos, de cuidar las palabras y los sentidos, de traducir sin traicionar.&nbsp;<\/p>\n\n\n\n<p>Desde su dise\u00f1o, el programa ha sido construido desde la comunalidad, con participaci\u00f3n de organizaciones de gran trayectoria como&nbsp;Cepiadet&nbsp;y&nbsp;OTIGLI, que han impulsado la formaci\u00f3n de int\u00e9rpretes ind\u00edgenas con profunda responsabilidad social.<\/p>\n\n\n\n<p>Con respaldo jur\u00eddico en la&nbsp;Ley General de Derechos Ling\u00fc\u00edsticos de los Pueblos Ind\u00edgenas&nbsp;y en instrumentos internacionales como el&nbsp;Convenio 169 de la OIT, esta licenciatura asume el mandato \u00e9tico de formar personas que contribuyan a la justicia ling\u00fc\u00edstica y a la vida digna de los pueblos, sin que nadie deba pagar por ejercer su derecho a ser escuchado en su propia lengua.<\/p>\n\n\n\n<p>La reciente elecci\u00f3n del&nbsp;Hugo Aguilar Ortiz, ind\u00edgena mixteco originario de Oaxaca, como presidente de la Suprema Corte de Justicia de la Naci\u00f3n, abre un momento hist\u00f3rico: que el sistema judicial mexicano comience a hablar con las voces y lenguas de los pueblos. Pero para que esa voz sea colectiva y con ra\u00edces, necesitamos int\u00e9rpretes formados, reconocidos, con condiciones laborales justas y con legitimidad comunitaria.<\/p>\n\n\n\n<p>Esta licenciatura no es un programa m\u00e1s. Es una acci\u00f3n concreta frente a una urgencia nacional. Es un reconocimiento al trabajo de quienes han traducido y mediado sin apoyo ni salario. Es una apuesta para que ning\u00fan diagn\u00f3stico m\u00e9dico se d\u00e9 sin entender al paciente, para que ninguna sentencia se dicte sin escuchar al acusado, y para que ninguna ni\u00f1a o ni\u00f1o pierda sus derechos educativos por no hablar espa\u00f1ol.<\/p>\n\n\n\n<p>Consulta el plan de estudios y proceso de inscripci\u00f3n en:<br>\ud83d\udd17\u00a0https:\/\/ulim.edu.mx<\/p>\n\n\n\n<figure class=\"wp-block-embed is-type-rich is-provider-twitter wp-block-embed-twitter\"><div class=\"wp-block-embed__wrapper\">\n<div class=\"twitter-tweet\"><blockquote class=\"twitter-tweet\" data-lang=\"es\"><p lang=\"es\" dir=\"ltr\"><a href=\"https:\/\/twitter.com\/hashtag\/ENVIVO?src=hash&amp;ref_src=twsrc%5Etfw\">#ENVIVO<\/a><br>Oaxaca, Oax., a 9 de junio de 2025.- La Universidad de las Lenguas Ind\u00edgenas de M\u00e9xico (ULIM) y la Universidad Aut\u00f3noma Comunal de Oaxaca (UACO) detallan su nueva  licenciatura en  Interpretaci\u00f3n y Traducci\u00f3n en Lenguas Ind\u00edgenas.<br><br>Transmisi\u00f3n: \ud83d\udc47<a href=\"https:\/\/t.co\/8YbQvZng5m\">https:\/\/t.co\/8YbQvZng5m<\/a><\/p>&mdash; Zona Roja Oaxaca (@ZonaRoja_Oaxaca) <a href=\"https:\/\/twitter.com\/ZonaRoja_Oaxaca\/status\/1932113986683597274?ref_src=twsrc%5Etfw\">9 de junio de 2025<\/a><\/blockquote><\/div>\n<\/div><\/figure>\n","protected":false},"excerpt":{"rendered":"<p>Raymundo Morales\/Zona Roja. Oaxaca, Oax., a 10 de junio de 2025.- La Universidad de las&hellip;<\/p>\n","protected":false},"author":2,"featured_media":81198,"comment_status":"closed","ping_status":"open","sticky":false,"template":"","format":"standard","meta":{"_lmt_disableupdate":"","_lmt_disable":"","_jetpack_memberships_contains_paid_content":false,"footnotes":""},"categories":[109,46],"tags":[3764],"class_list":["post-81197","post","type-post","status-publish","format-standard","has-post-thumbnail","hentry","category-minuto-a-minuto","category-zona-blanca","tag-universidad-autonoma-comunal-de-oaxaca-uaco"],"jetpack_featured_media_url":"https:\/\/zonaroja.com.mx\/wp-content\/uploads\/2025\/06\/Conferencia-Universidad-Autonoma-Comunal-Oaxaca.jpg","jetpack_sharing_enabled":true,"_links":{"self":[{"href":"https:\/\/zonaroja.com.mx\/index.php?rest_route=\/wp\/v2\/posts\/81197","targetHints":{"allow":["GET"]}}],"collection":[{"href":"https:\/\/zonaroja.com.mx\/index.php?rest_route=\/wp\/v2\/posts"}],"about":[{"href":"https:\/\/zonaroja.com.mx\/index.php?rest_route=\/wp\/v2\/types\/post"}],"author":[{"embeddable":true,"href":"https:\/\/zonaroja.com.mx\/index.php?rest_route=\/wp\/v2\/users\/2"}],"replies":[{"embeddable":true,"href":"https:\/\/zonaroja.com.mx\/index.php?rest_route=%2Fwp%2Fv2%2Fcomments&post=81197"}],"version-history":[{"count":1,"href":"https:\/\/zonaroja.com.mx\/index.php?rest_route=\/wp\/v2\/posts\/81197\/revisions"}],"predecessor-version":[{"id":81199,"href":"https:\/\/zonaroja.com.mx\/index.php?rest_route=\/wp\/v2\/posts\/81197\/revisions\/81199"}],"wp:featuredmedia":[{"embeddable":true,"href":"https:\/\/zonaroja.com.mx\/index.php?rest_route=\/wp\/v2\/media\/81198"}],"wp:attachment":[{"href":"https:\/\/zonaroja.com.mx\/index.php?rest_route=%2Fwp%2Fv2%2Fmedia&parent=81197"}],"wp:term":[{"taxonomy":"category","embeddable":true,"href":"https:\/\/zonaroja.com.mx\/index.php?rest_route=%2Fwp%2Fv2%2Fcategories&post=81197"},{"taxonomy":"post_tag","embeddable":true,"href":"https:\/\/zonaroja.com.mx\/index.php?rest_route=%2Fwp%2Fv2%2Ftags&post=81197"}],"curies":[{"name":"wp","href":"https:\/\/api.w.org\/{rel}","templated":true}]}}