{"id":8120,"date":"2020-01-27T19:51:42","date_gmt":"2020-01-28T01:51:42","guid":{"rendered":"http:\/\/www.zonaroja.com.mx\/?p=8120"},"modified":"2020-01-27T19:51:52","modified_gmt":"2020-01-28T01:51:52","slug":"critican-desempeno-de-ana-vasquez-tareas-sin-sentido-de-la-smo","status":"publish","type":"post","link":"https:\/\/zonaroja.com.mx\/?p=8120","title":{"rendered":"Critican desempe\u00f1o de Ana V\u00e1squez; \u201ctareas sin sentido de la SMO\u201d"},"content":{"rendered":"\n<p>Redacci\u00f3n\/Zona Roja.<\/p>\n\n\n\n<p>Oaxaca de Ju\u00e1rez, Oax., 27 de enero de\n2020.- \u201cAcciones como talleres y tareas menores, no pueden ser un referente de\nla lucha contra la violencia de g\u00e9nero en Oaxaca y tampoco abonan a la creaci\u00f3n\nde pol\u00edticas en favor de las mujeres\u201d.<\/p>\n\n\n\n<p>As\u00ed lo expres\u00f3 la diputada Elisa Zepeda\nLagunas esta tarde en la comparecencia de la titular de la Secretar\u00eda de las\nMujeres Oaxaque\u00f1as, Ana V\u00e1squez Colmenares, ante comisiones del Congreso del\nEstado.<\/p>\n\n\n\n<p>La legisladora cuestion\u00f3 a la\nfuncionaria en cu\u00e1ntos casos de feminicidios de los registrados el a\u00f1o pasado,\nla secretar\u00eda ha acompa\u00f1ado desde el \u00e1rea de atenci\u00f3n a v\u00edctimas, acciones que\nimpacten en mejorar la vida de las oaxaque\u00f1as y no solo los talleres&nbsp; que sirven para tomar fotograf\u00edas.<\/p>\n\n\n\n<p>Expuso que hacer un m\u00ednimo esfuerzo en\nun \u00e1rea estrat\u00e9gica para la erradicaci\u00f3n de la violencia contra las mujeres, es\nsin\u00f3nimo de negligencia gubernamental, la cual \u201csuele ser criminal\u201d por lo que\ncalific\u00f3 a esta negligencia como \u201cfeminicida\u201d.<\/p>\n\n\n\n<p>La representante popular fue clara en\nse\u00f1alar que en la presente administraci\u00f3n estatal de acuerdo con trabajos\nestad\u00edsticos de la sociedad civil, \u201cporque&nbsp;\nel gobierno parece temer a la transparencia, sabemos de 396 feminicidios\ny 688 mujeres desaparecidas\u201d.<\/p>\n\n\n\n<p>Ante los nulos resultados de la\ndependencia en 2019, la diputada realiz\u00f3 el mismo cuestionamiento que\nexactamente hace 12 meses hizo en este mismo espacio, \u201c\u00bfse ha planteado la\nposibilidad de alguna medida urgente, utilizando a todo el aparato del Estado,\ncomo marca la ley, en lugar de continuar con sus talleres?&nbsp; <\/p>\n\n\n\n<p>\u201c\u00bfLa vida y la seguridad de las mujeres\nno le ha movido a reformular su idea de lo que debe ser la acci\u00f3n de la\nSecretar\u00eda a su cargo?, finaliz\u00f3.<\/p>\n","protected":false},"excerpt":{"rendered":"<p>Redacci\u00f3n\/Zona Roja. Oaxaca de Ju\u00e1rez, Oax., 27 de enero de 2020.- \u201cAcciones como talleres y&hellip;<\/p>\n","protected":false},"author":2,"featured_media":8121,"comment_status":"closed","ping_status":"open","sticky":false,"template":"","format":"standard","meta":{"_lmt_disableupdate":"","_lmt_disable":"","_jetpack_memberships_contains_paid_content":false,"footnotes":""},"categories":[109,47],"tags":[215],"class_list":["post-8120","post","type-post","status-publish","format-standard","has-post-thumbnail","hentry","category-minuto-a-minuto","category-zona-gris","tag-elisa-zepeda-lagunas"],"jetpack_featured_media_url":"https:\/\/zonaroja.com.mx\/wp-content\/uploads\/2020\/01\/Dip.-Elisa-Zepeda-en-comparecencia.jpeg","jetpack_sharing_enabled":true,"_links":{"self":[{"href":"https:\/\/zonaroja.com.mx\/index.php?rest_route=\/wp\/v2\/posts\/8120","targetHints":{"allow":["GET"]}}],"collection":[{"href":"https:\/\/zonaroja.com.mx\/index.php?rest_route=\/wp\/v2\/posts"}],"about":[{"href":"https:\/\/zonaroja.com.mx\/index.php?rest_route=\/wp\/v2\/types\/post"}],"author":[{"embeddable":true,"href":"https:\/\/zonaroja.com.mx\/index.php?rest_route=\/wp\/v2\/users\/2"}],"replies":[{"embeddable":true,"href":"https:\/\/zonaroja.com.mx\/index.php?rest_route=%2Fwp%2Fv2%2Fcomments&post=8120"}],"version-history":[{"count":1,"href":"https:\/\/zonaroja.com.mx\/index.php?rest_route=\/wp\/v2\/posts\/8120\/revisions"}],"predecessor-version":[{"id":8122,"href":"https:\/\/zonaroja.com.mx\/index.php?rest_route=\/wp\/v2\/posts\/8120\/revisions\/8122"}],"wp:featuredmedia":[{"embeddable":true,"href":"https:\/\/zonaroja.com.mx\/index.php?rest_route=\/wp\/v2\/media\/8121"}],"wp:attachment":[{"href":"https:\/\/zonaroja.com.mx\/index.php?rest_route=%2Fwp%2Fv2%2Fmedia&parent=8120"}],"wp:term":[{"taxonomy":"category","embeddable":true,"href":"https:\/\/zonaroja.com.mx\/index.php?rest_route=%2Fwp%2Fv2%2Fcategories&post=8120"},{"taxonomy":"post_tag","embeddable":true,"href":"https:\/\/zonaroja.com.mx\/index.php?rest_route=%2Fwp%2Fv2%2Ftags&post=8120"}],"curies":[{"name":"wp","href":"https:\/\/api.w.org\/{rel}","templated":true}]}}