{"id":81202,"date":"2025-06-10T13:59:00","date_gmt":"2025-06-10T19:59:00","guid":{"rendered":"https:\/\/zonaroja.com.mx\/?p=81202"},"modified":"2025-06-10T08:00:45","modified_gmt":"2025-06-10T14:00:45","slug":"la-nacion-yaqui-denuncia-que-hugo-aguilar-proximo-titular-de-la-corte-es-corrupto","status":"publish","type":"post","link":"https:\/\/zonaroja.com.mx\/?p=81202","title":{"rendered":"La naci\u00f3n Yaqui denuncia que Hugo Aguilar, pr\u00f3ximo titular de la Corte, es corrupto"},"content":{"rendered":"\n<p>Redacci\u00f3n\/Zona Roja Cdmx.<\/p>\n\n\n\n<p>Ciudad de M\u00e9xico, a 10 de junio de 2025.- Miembros de la Naci\u00f3n Yaqui mostraron preocupaci\u00f3n y rechazo al triunfo de Hugo Aguilar Ortiz como presidente virtual de la Suprema Corte de Justicia Naci\u00f3n (SCJN) en las elecciones al Poder Judicial, pues aseguraron que es un abogado \u201ccorrupto\u201d.<\/p>\n\n\n\n<p>Los miembros de la comunidad se\u00f1alaron a Hugo Aguilar como uno de los principales responsables del despojo territorial del pueblo ind\u00edgena, tras la implementaci\u00f3n del \u201cPlan de Justicia del Pueblo Yaqui\u201d, impulsado por el expresidente Andr\u00e9s Manuel L\u00f3pez Obrador, en 2021.<\/p>\n\n\n\n<p>\u201cNo queremos a ese ind\u00edgena, el m\u00e1s corrupto que se pueda conocer en todo M\u00e9xico\u201d, dijo Fernando Jim\u00e9nez, ind\u00edgena de la comunidad Yaqui, en entrevista para Proceso.<\/p>\n\n\n\n<p>Con la implementaci\u00f3n del plan, que contemplaba la restituci\u00f3n a los yaquis con cerca de 20 mil hect\u00e1reas de territorio, cr\u00e9ditos de vivienda, impulso a la educaci\u00f3n de la comunidad, servicios de salud, as\u00ed como el acceso al agua potable provoc\u00f3 una mayor ocupaci\u00f3n territorial por parte del crimen organizado, asegur\u00f3 el tambi\u00e9n defensor del pueblo Yaqui.<\/p>\n\n\n\n<p>Fernando Jim\u00e9nez calific\u00f3 el plan de AMLO, implementado cuando Hugo Aguilar era coordinador del Instituto Nacional de los Pueblos Ind\u00edgenas, como una \u201cherramienta de control\u201d donde los encargados del INPI son los que toman las decisiones dentro de la comunidad, excluyendo a los yoremes.<\/p>\n\n\n\n<p>\u201cSe not\u00f3 que el control, la batuta, la llevaba el INPI en las personas de Adelfo Regino y Hugo Aguilar. Todos los escritos, todas las actas que se levantaban en esas reuniones no ten\u00edan las caracter\u00edsticas que hace un secretario tradicional, ten\u00edan una esencia ya m\u00e1s rebuscada, ya m\u00e1s politizada; ellos decid\u00edan qu\u00e9 era lo bueno para los yaquis y qu\u00e9 era lo malo para los yaquis\u201d, dijo el defensor en la entrevista con Proceso.<\/p>\n\n\n\n<p>LOS ANTECEDENTES<\/p>\n\n\n\n<p>X\u00f3chitl G\u00e1lvez asegur\u00f3, el pasado 4 de junio, que Hugo Aguilar era el encargado de realizar las consultas en los pueblos ind\u00edgenas para la aplicaci\u00f3n de megaproyectos como el Tren Maya para convencer a las comunidades de realizar la obra.<\/p>\n\n\n\n<p>Pese a tener una impresi\u00f3n positiva y a se\u00f1alar que Aguilar estaba \u201csiempre dispuesto a ayudar, a acompa\u00f1ar a comunidades alejad\u00edsimas\u201c, G\u00e1lvez remarc\u00f3 que las consultas estaban \u201cama\u00f1adas\u201d.<\/p>\n\n\n\n<p>\u201cEra una consulta ama\u00f1ada porque no se les pod\u00eda decir a las comunidades los da\u00f1os ambientales, se les hablaba de los beneficios, pero no de todos los problemas que iba a causar\u201d, explic\u00f3 en entrevista con Ciro G\u00f3mez Leyva.<\/p>\n\n\n\n<p>(Informaci\u00f3n de \u201cEl Financiero\u201d)<\/p>\n","protected":false},"excerpt":{"rendered":"<p>Redacci\u00f3n\/Zona Roja Cdmx. Ciudad de M\u00e9xico, a 10 de junio de 2025.- Miembros de la&hellip;<\/p>\n","protected":false},"author":2,"featured_media":80957,"comment_status":"closed","ping_status":"open","sticky":false,"template":"","format":"standard","meta":{"_lmt_disableupdate":"","_lmt_disable":"","_jetpack_memberships_contains_paid_content":false,"footnotes":""},"categories":[109,47],"tags":[4324],"class_list":["post-81202","post","type-post","status-publish","format-standard","has-post-thumbnail","hentry","category-minuto-a-minuto","category-zona-gris","tag-hugo-aguilar-ortiz"],"jetpack_featured_media_url":"https:\/\/zonaroja.com.mx\/wp-content\/uploads\/2025\/06\/Hugo-Aguilar-Ortiz.jpg.webp","jetpack_sharing_enabled":true,"_links":{"self":[{"href":"https:\/\/zonaroja.com.mx\/index.php?rest_route=\/wp\/v2\/posts\/81202","targetHints":{"allow":["GET"]}}],"collection":[{"href":"https:\/\/zonaroja.com.mx\/index.php?rest_route=\/wp\/v2\/posts"}],"about":[{"href":"https:\/\/zonaroja.com.mx\/index.php?rest_route=\/wp\/v2\/types\/post"}],"author":[{"embeddable":true,"href":"https:\/\/zonaroja.com.mx\/index.php?rest_route=\/wp\/v2\/users\/2"}],"replies":[{"embeddable":true,"href":"https:\/\/zonaroja.com.mx\/index.php?rest_route=%2Fwp%2Fv2%2Fcomments&post=81202"}],"version-history":[{"count":1,"href":"https:\/\/zonaroja.com.mx\/index.php?rest_route=\/wp\/v2\/posts\/81202\/revisions"}],"predecessor-version":[{"id":81203,"href":"https:\/\/zonaroja.com.mx\/index.php?rest_route=\/wp\/v2\/posts\/81202\/revisions\/81203"}],"wp:featuredmedia":[{"embeddable":true,"href":"https:\/\/zonaroja.com.mx\/index.php?rest_route=\/wp\/v2\/media\/80957"}],"wp:attachment":[{"href":"https:\/\/zonaroja.com.mx\/index.php?rest_route=%2Fwp%2Fv2%2Fmedia&parent=81202"}],"wp:term":[{"taxonomy":"category","embeddable":true,"href":"https:\/\/zonaroja.com.mx\/index.php?rest_route=%2Fwp%2Fv2%2Fcategories&post=81202"},{"taxonomy":"post_tag","embeddable":true,"href":"https:\/\/zonaroja.com.mx\/index.php?rest_route=%2Fwp%2Fv2%2Ftags&post=81202"}],"curies":[{"name":"wp","href":"https:\/\/api.w.org\/{rel}","templated":true}]}}