{"id":81204,"date":"2025-06-10T10:01:00","date_gmt":"2025-06-10T16:01:00","guid":{"rendered":"https:\/\/zonaroja.com.mx\/?p=81204"},"modified":"2025-06-10T08:08:15","modified_gmt":"2025-06-10T14:08:15","slug":"asegura-gobierno-de-oaxaca-que-se-brinda-respaldo-a-migrantes","status":"publish","type":"post","link":"https:\/\/zonaroja.com.mx\/?p=81204","title":{"rendered":"Asegura gobierno de Oaxaca que se brinda respaldo a migrantes"},"content":{"rendered":"\n<p>Redacci\u00f3n\/Zona Roja.<\/p>\n\n\n\n<p>Oaxaca, Oax., a 10 de junio de 2025.- Luego de condenar las redadas abusivas y arbitrarias que violan los derechos humanos por parte de la Guardia Nacional de Estados Unidos en la detenci\u00f3n de personas migrantes, el gobernador Salom\u00f3n Jara Cruz destac\u00f3 que su gobierno brindar\u00e1 asesor\u00eda legal con brigadas jur\u00eddicas binacionales a trav\u00e9s de especialistas en derecho migratorio estadounidense.<\/p>\n\n\n\n<p>Expuso que estas medidas proporcionar\u00e1n ayuda a quienes lo requieran a trav\u00e9s de la Oficina de Enlace y Atenci\u00f3n en Los \u00c1ngeles, California, en estrecha coordinaci\u00f3n con la Secretar\u00eda de Relaciones Exteriores (SER) del Gobierno de M\u00e9xico y los consulados.<\/p>\n\n\n\n<p>\u201cNo vamos a callar ante la detenci\u00f3n de mexicanas y mexicanos; y exigimos que se respete en todo momento el debido proceso, la dignidad e integridad de las personas\u201d, extern\u00f3 el mandatario estatal.<\/p>\n\n\n\n<p>Indic\u00f3 que se ofrecer\u00e1 capacitaci\u00f3n permanente en derechos humanos para l\u00edderes comunitarios en Estados Unidos; adem\u00e1s, las oaxaque\u00f1as y oaxaque\u00f1os que decidan o deban regresar contar\u00e1n con los beneficios del programa \u201cBienvenido a Casa\u201d que ofrece facilidad y simplificaci\u00f3n de tr\u00e1mites, acceso prioritario a salud y educaci\u00f3n, y capital en semillas para proyectos productivos.<\/p>\n\n\n\n<p>As\u00ed como acceso a programas estatales y federales; adem\u00e1s de establecer alianzas con empleadores locales para garantizar trabajos dignos con salarios justos.<\/p>\n\n\n\n<p>Durante la Conferencia de Prensa semanal, Jara Cruz detall\u00f3 que, tras los actos que se realizan particularmente en Los \u00c1ngeles, California; el fen\u00f3meno de la migraci\u00f3n no deber\u00eda atenderse desde una perspectiva de criminalizaci\u00f3n.&nbsp;<\/p>\n\n\n\n<p>\u201cRespaldamos el firme posicionamiento de la Secretar\u00eda de Relaciones Exteriores y de nuestra Presidenta Claudia Sheinbaum\u201d, agreg\u00f3.<\/p>\n\n\n\n<p>El titular del Poder Ejecutivo estatal adelant\u00f3 que, en pr\u00f3ximos d\u00edas, las y los gobernadores estatales enviar\u00e1n una carta y har\u00e1n un llamado al gobierno estadounidense para proponer una mesa regional y abordar la migraci\u00f3n de forma integral y corresponsable, para eliminar el uso de la fuerza y privilegiar acciones que impulsen el desarrollo, la generaci\u00f3n de oportunidades y bienestar compartidos.<\/p>\n\n\n\n<figure class=\"wp-block-embed is-type-rich is-provider-twitter wp-block-embed-twitter\"><div class=\"wp-block-embed__wrapper\">\n<div class=\"twitter-tweet\"><blockquote class=\"twitter-tweet\" data-lang=\"es\"><p lang=\"es\" dir=\"ltr\">Tras las intensas redadas en Estados Unidos en contra de los migrantes y la intervenci\u00f3n de la Guardia Nacional norteamericana, el gobernador de Oaxaca, <a href=\"https:\/\/twitter.com\/salomonj?ref_src=twsrc%5Etfw\">@salomonj<\/a>, reprob\u00f3 estas medidas. <br><br>En conferencia de prensa, las calific\u00f3 como abusivas y arbitrarias, violatorias de los\u2026 <a href=\"https:\/\/t.co\/zqjtipYncj\">pic.twitter.com\/zqjtipYncj<\/a><\/p>&mdash; Zona Roja Oaxaca (@ZonaRoja_Oaxaca) <a href=\"https:\/\/twitter.com\/ZonaRoja_Oaxaca\/status\/1932149564598890805?ref_src=twsrc%5Etfw\">9 de junio de 2025<\/a><\/blockquote><\/div>\n<\/div><\/figure>\n\n\n\n<p>COMPROMISO CON MAGISTERIO<\/p>\n\n\n\n<p>Por otra parte, luego del receso declarado este s\u00e1bado por la Coordinadora Nacional de Trabajadores de la Educaci\u00f3n (CNTE) tras 24 d\u00edas, el gobernador reiter\u00f3 la disposici\u00f3n del Gobierno de la Cuarta Transformaci\u00f3n al di\u00e1logo para llegar a acuerdos que mejoren las condiciones laborales y de vida de todas las maestras y maestros de M\u00e9xico.<\/p>\n\n\n\n<p>Expres\u00f3 que la Presidenta Claudia Sheinbaum ha dado respuesta puntual a cada una de las demandas centrales y ha ratificado su compromiso con la atenci\u00f3n y soluci\u00f3n progresiva de las problem\u00e1ticas generadas por las reformas neoliberales.<\/p>\n\n\n\n<p>\u201cHa reiterado, en todo momento, su voluntad de construir colectivamente, con el magisterio de todo el pa\u00eds, la ruta para ir transformando el sistema de pensiones y reducir de manera paulatina la edad de jubilaci\u00f3n\u201d, expres\u00f3.&nbsp;<\/p>\n\n\n\n<p>Destac\u00f3 el incremento del salario m\u00ednimo mensual dado en 2025, que pas\u00f3 de 7 mil 467 a 8 mil 364 pesos; m\u00e1s de tres veces por arriba de la inflaci\u00f3n; convirti\u00e9ndolo en el segundo m\u00e1s importante en los \u00faltimos 40 a\u00f1os.<\/p>\n\n\n\n<p>Tambi\u00e9n, la reforma en materia de vivienda que abre nuevas posibilidades para garantizar el acceso a este derecho fundamental, facilitando a las y los trabajadores el acceso a un hogar digno.<\/p>\n\n\n\n<p>As\u00ed como la inversi\u00f3n hist\u00f3rica de 85 mil 597 millones de pesos que mediante el programa La Escuela es Nuestra, entre 2019 y 2024 ha contribuido significativamente a mejorar y equipar las instalaciones de 175 mil 200 escuelas; y las becas para el bienestar de educaci\u00f3n b\u00e1sica que tienen una meta de inversi\u00f3n para este 2025 de 70 mil 33 millones.<\/p>\n","protected":false},"excerpt":{"rendered":"<p>Redacci\u00f3n\/Zona Roja. Oaxaca, Oax., a 10 de junio de 2025.- Luego de condenar las redadas&hellip;<\/p>\n","protected":false},"author":2,"featured_media":81205,"comment_status":"closed","ping_status":"open","sticky":false,"template":"","format":"standard","meta":{"_lmt_disableupdate":"","_lmt_disable":"","_jetpack_memberships_contains_paid_content":false,"footnotes":""},"categories":[109,46],"tags":[939],"class_list":["post-81204","post","type-post","status-publish","format-standard","has-post-thumbnail","hentry","category-minuto-a-minuto","category-zona-blanca","tag-salomon-jara-cruz"],"jetpack_featured_media_url":"https:\/\/zonaroja.com.mx\/wp-content\/uploads\/2025\/06\/GOBERNADOR-CONFERENCIA-1.jpeg","jetpack_sharing_enabled":true,"_links":{"self":[{"href":"https:\/\/zonaroja.com.mx\/index.php?rest_route=\/wp\/v2\/posts\/81204","targetHints":{"allow":["GET"]}}],"collection":[{"href":"https:\/\/zonaroja.com.mx\/index.php?rest_route=\/wp\/v2\/posts"}],"about":[{"href":"https:\/\/zonaroja.com.mx\/index.php?rest_route=\/wp\/v2\/types\/post"}],"author":[{"embeddable":true,"href":"https:\/\/zonaroja.com.mx\/index.php?rest_route=\/wp\/v2\/users\/2"}],"replies":[{"embeddable":true,"href":"https:\/\/zonaroja.com.mx\/index.php?rest_route=%2Fwp%2Fv2%2Fcomments&post=81204"}],"version-history":[{"count":1,"href":"https:\/\/zonaroja.com.mx\/index.php?rest_route=\/wp\/v2\/posts\/81204\/revisions"}],"predecessor-version":[{"id":81206,"href":"https:\/\/zonaroja.com.mx\/index.php?rest_route=\/wp\/v2\/posts\/81204\/revisions\/81206"}],"wp:featuredmedia":[{"embeddable":true,"href":"https:\/\/zonaroja.com.mx\/index.php?rest_route=\/wp\/v2\/media\/81205"}],"wp:attachment":[{"href":"https:\/\/zonaroja.com.mx\/index.php?rest_route=%2Fwp%2Fv2%2Fmedia&parent=81204"}],"wp:term":[{"taxonomy":"category","embeddable":true,"href":"https:\/\/zonaroja.com.mx\/index.php?rest_route=%2Fwp%2Fv2%2Fcategories&post=81204"},{"taxonomy":"post_tag","embeddable":true,"href":"https:\/\/zonaroja.com.mx\/index.php?rest_route=%2Fwp%2Fv2%2Ftags&post=81204"}],"curies":[{"name":"wp","href":"https:\/\/api.w.org\/{rel}","templated":true}]}}