{"id":81210,"date":"2025-06-10T14:15:00","date_gmt":"2025-06-10T20:15:00","guid":{"rendered":"https:\/\/zonaroja.com.mx\/?p=81210"},"modified":"2025-06-10T08:15:53","modified_gmt":"2025-06-10T14:15:53","slug":"opinion-cnte-agravios-y-ruptura","status":"publish","type":"post","link":"https:\/\/zonaroja.com.mx\/?p=81210","title":{"rendered":"Opini\u00f3n. CNTE: agravios y ruptura"},"content":{"rendered":"\n<p>Isidoro Yescas*<\/p>\n\n\n\n<p>Despu\u00e9s de poco m\u00e1s de tres&nbsp;semanas de sostener un paro indefinido&nbsp;de labores,&nbsp;acompa\u00f1ado de un plant\u00f3n en el z\u00f3calo de la ciudad de M\u00e9xico y de intensas movilizaciones&nbsp;que provocaron&nbsp;molestias&nbsp;y&nbsp;todo tipo de&nbsp;reacciones entre&nbsp;la ciudadan\u00eda y la opini\u00f3n p\u00fablica,&nbsp;el magisterio mexicano agrupado en la CNTE se&nbsp;vio&nbsp;obligado a replegarse ante la postura inflexible asumida por el gobierno federal &nbsp;para abrir un canal de negociaci\u00f3n en torno a la abrogaci\u00f3n de la ley del ISSSTE del 2007.<\/p>\n\n\n\n<p>Un \u201crepliegue t\u00e1ctico\u201d, lo denominan los miles de maestros y maestras de Oaxaca, Guerrero, Zacatecas, Chiapas, Michoac\u00e1n y de otras entidades que&nbsp;volvieron a ganar las calles y a alzar la voz para&nbsp;demandar &nbsp;el&nbsp;fin de un sistema de jubilaciones inequitativo e injusto&nbsp;y, adem\u00e1s, privatizado, al ser administrado sus fondos&nbsp;por instituciones financieras privadas (Afores),&nbsp;y exigir &nbsp;regresar al sistema solidario, vigente hasta antes del 2007.<\/p>\n\n\n\n<p>Manuel Gil Ant\u00f3n, experto en temas educativos, se ha preguntado:&nbsp;\u201c\u00bfSin la movilizaci\u00f3n del magisterio advertir\u00edamos el problema del sistema de pensiones que nos afectar\u00e1 todos? Lo dudo\u201d.&nbsp;(\u201cPolvo en el viento\u201d, en \u201cEl Universal\u201d, junio 7 del 2025).<\/p>\n\n\n\n<p>Y, en efecto, contra la postura entreguista del SNTE y su espurio dirigente Alfonso Cepeda&nbsp;(ya&nbsp;venci\u00f3 su per\u00edodo legal como Secretario General pero indebidamente se mantiene en el cargo), la CNTE coloc\u00f3 en la vitrina p\u00fablica nacional e internacional (El diario espa\u00f1ol \u201cEl&nbsp;Pa\u00eds\u201d, cubri\u00f3&nbsp;puntualmente los pormenores del conflicto) un problema que no solamente afecta al magisterio nacional sino a todos los trabajadores&nbsp;al servicio de los poderes del Estado&nbsp;que cotizan en el ISSSTE.&nbsp;<\/p>\n\n\n\n<p>Del gobierno federal&nbsp;lo que se observ\u00f3 fue una&nbsp;escasa&nbsp;voluntad&nbsp;pol\u00edtica para, por lo menos&nbsp;informar&nbsp;-m\u00e1s all\u00e1 de machacar&nbsp;sobre&nbsp;&nbsp;su insuficiencia &nbsp;presupuestal-, acerca&nbsp;de los por&nbsp;qu\u00e9s&nbsp;de&nbsp;esa inviabilidad financiera;&nbsp;y tampoco&nbsp;supo explicar sobre los problemas que hab\u00eda que superar &nbsp;para &nbsp;reorientar el gasto p\u00fablico y reducir las&nbsp;multimillonarias ganancias de las instituciones bancarias que administran las Afores, como lo demand\u00f3 la CNTE.<\/p>\n\n\n\n<p>Algo similar ocurri\u00f3 con la demanda de la&nbsp;abrogaci\u00f3n de la reforma educativa&nbsp;pe\u00f1ista&nbsp;:con el gobierno de AMLO&nbsp;pas\u00f3 a llamarse Unidad del Sistema para la Carrera de las Maestras y Maestros (USICAM)&nbsp;pero,&nbsp;en lo sustancial, no modific\u00f3 los procesos de ingreso y promoci\u00f3n del magisterio.&nbsp;<\/p>\n\n\n\n<p>Arrinconados&nbsp;ante&nbsp;la&nbsp;cerraz\u00f3n oficial, y presionados desde varios frentes, lo mismo desde los gobiernos locales y &nbsp;la comentocracia&nbsp;de todos colores,&nbsp;que por &nbsp;los actos de provocaci\u00f3n de la Ceteg, as\u00ed como por&nbsp;la notable reducci\u00f3n en&nbsp;la cantidad&nbsp;e intensidad de sus&nbsp;contingentes&nbsp;movilizados&nbsp;y el fin del ciclo escolar, la Asamblea Nacional Representativa de la CNTE terminar\u00eda por seguir la ruta que primero tom\u00f3 la Secci\u00f3n 22 del SNTE para dar concluido su paro y plant\u00f3n&nbsp;y&nbsp;entrar en \u201creceso\u201d.<\/p>\n\n\n\n<p>As\u00ed las cosas,&nbsp;es&nbsp;claro&nbsp;que, como pocas veces en sus 45 a\u00f1os de vida, los trabajadores de la educaci\u00f3n de la &nbsp;CNTE pr\u00e1cticamente retornar\u00e1n a sus labores con las manos vac\u00edas.&nbsp;Sin&nbsp;embargo,&nbsp;ya&nbsp;anticiparon que&nbsp;este repliegue t\u00e1ctico ser\u00e1 temporal .<\/p>\n\n\n\n<p>\u201cNi cansados ni derrotados\u201d, han exclamado, pero &nbsp;con&nbsp;este duro rev\u00e9s&nbsp;que les&nbsp;infligi\u00f3&nbsp;el gobierno claudista, es ya un hecho que estos agravios tendr\u00e1n sus costos pol\u00edticos y electorales para&nbsp;la 4T.<\/p>\n\n\n\n<p>Y la m\u00e1s clara expresi\u00f3n de esta ruptura pol\u00edtica se pudo leer en una&nbsp;pancarta exhibidapor una maestra oaxaque\u00f1a&nbsp;durante&nbsp;su&nbsp;\u00faltima marcha &nbsp;en la ciudad de M\u00e9xico: \u201cClaudia, tu enga\u00f1o ser\u00e1 cobrado en las intermedias del 2026 y las presidenciales del 2030.\u201d<\/p>\n\n\n\n<p>*Maestro en Sociolog\u00eda y periodista.<\/p>\n\n\n\n<p>X: @YescasIsidoro<\/p>\n\n\n\n<p>Faceboock:IsidoroYescas<\/p>\n","protected":false},"excerpt":{"rendered":"<p>Isidoro Yescas* Despu\u00e9s de poco m\u00e1s de tres&nbsp;semanas de sostener un paro indefinido&nbsp;de labores,&nbsp;acompa\u00f1ado de&hellip;<\/p>\n","protected":false},"author":2,"featured_media":78328,"comment_status":"closed","ping_status":"open","sticky":false,"template":"","format":"standard","meta":{"_lmt_disableupdate":"","_lmt_disable":"","_jetpack_memberships_contains_paid_content":false,"footnotes":""},"categories":[456,109],"tags":[3998],"class_list":["post-81210","post","type-post","status-publish","format-standard","has-post-thumbnail","hentry","category-columna","category-minuto-a-minuto","tag-isidoro-yescas-martinez"],"jetpack_featured_media_url":"https:\/\/zonaroja.com.mx\/wp-content\/uploads\/2025\/03\/Isidoro-Yescas-Martinez.jpg","jetpack_sharing_enabled":true,"_links":{"self":[{"href":"https:\/\/zonaroja.com.mx\/index.php?rest_route=\/wp\/v2\/posts\/81210","targetHints":{"allow":["GET"]}}],"collection":[{"href":"https:\/\/zonaroja.com.mx\/index.php?rest_route=\/wp\/v2\/posts"}],"about":[{"href":"https:\/\/zonaroja.com.mx\/index.php?rest_route=\/wp\/v2\/types\/post"}],"author":[{"embeddable":true,"href":"https:\/\/zonaroja.com.mx\/index.php?rest_route=\/wp\/v2\/users\/2"}],"replies":[{"embeddable":true,"href":"https:\/\/zonaroja.com.mx\/index.php?rest_route=%2Fwp%2Fv2%2Fcomments&post=81210"}],"version-history":[{"count":1,"href":"https:\/\/zonaroja.com.mx\/index.php?rest_route=\/wp\/v2\/posts\/81210\/revisions"}],"predecessor-version":[{"id":81211,"href":"https:\/\/zonaroja.com.mx\/index.php?rest_route=\/wp\/v2\/posts\/81210\/revisions\/81211"}],"wp:featuredmedia":[{"embeddable":true,"href":"https:\/\/zonaroja.com.mx\/index.php?rest_route=\/wp\/v2\/media\/78328"}],"wp:attachment":[{"href":"https:\/\/zonaroja.com.mx\/index.php?rest_route=%2Fwp%2Fv2%2Fmedia&parent=81210"}],"wp:term":[{"taxonomy":"category","embeddable":true,"href":"https:\/\/zonaroja.com.mx\/index.php?rest_route=%2Fwp%2Fv2%2Fcategories&post=81210"},{"taxonomy":"post_tag","embeddable":true,"href":"https:\/\/zonaroja.com.mx\/index.php?rest_route=%2Fwp%2Fv2%2Ftags&post=81210"}],"curies":[{"name":"wp","href":"https:\/\/api.w.org\/{rel}","templated":true}]}}