{"id":81212,"date":"2025-06-10T19:36:55","date_gmt":"2025-06-11T01:36:55","guid":{"rendered":"https:\/\/zonaroja.com.mx\/?p=81212"},"modified":"2025-06-10T19:36:57","modified_gmt":"2025-06-11T01:36:57","slug":"registra-el-istmo-de-tehuantepec-dos-bloqueos-carreteros","status":"publish","type":"post","link":"https:\/\/zonaroja.com.mx\/?p=81212","title":{"rendered":"Registra el Istmo de Tehuantepec dos bloqueos carreteros"},"content":{"rendered":"\n<p>Redacci\u00f3n\/Zona Roja.<\/p>\n\n\n\n<p>Oaxaca, Oax., a 10 de junio de 2025.- Tal y como lo hab\u00edan advertido, autoridades y ciudadanos del municipio de Reforma de Pineda comenzaron desde las seis de la ma\u00f1ana de este martes un bloqueo total sobre la carretera Panamericana, as\u00ed como en todos los accesos a aquella demarcaci\u00f3n de la regi\u00f3n del Istmo de Tehuantepec.<\/p>\n\n\n\n<p>Adem\u00e1s, los inconformes obligaron a parar las labores de construcci\u00f3n de una estaci\u00f3n de la L\u00ednea K del Corredor Interoce\u00e1nico, luego de que el gobierno federal se ha negado a comenzar las obras prometidas para que la poblaci\u00f3n permitiera el paso del megaproyecto.<\/p>\n\n\n\n<p>Los pobladores permanecen inconformes debido a que la Secretar\u00eda de Desarrollo, Agrario, Territorial y Urbano (Sedatu) cancel\u00f3 dos proyectos y mantiene en rezago uno m\u00e1s, &nbsp;a pesar de &nbsp;que el gobierno federal se hab\u00eda comprometido a ellos para que los ciudadanos permitieran el paso del ferrocarril por su territorio.<\/p>\n\n\n\n<p>El primer proyecto cancelado es la realizaci\u00f3n de la rehabilitaci\u00f3n de un bulevar de dos kil\u00f3metros &nbsp;que pasa por aquella municipalidad, el cual qued\u00f3 destruido debido a los trabajos de edificaci\u00f3n de la L\u00ednea K del Corredor Interoce\u00e1nico; el segundo, por su parte, es la construcci\u00f3n de una casa ejidal, precis\u00f3 en entrevista el presidente municipal.<\/p>\n\n\n\n<p>El \u00fanico proyecto que en teor\u00eda permanece vigente es la rehabilitaci\u00f3n de la Carretera Panamericana, la cual tambi\u00e9n pr\u00e1cticamente se encuentra destruida.<\/p>\n\n\n\n<p>Ayer, las autoridades advirtieron que el bloqueo de este d\u00eda ser\u00eda establecido de manera indefinida hasta que Sedatu y otras autoridades del gobierno federal accedan a entablar una mesa de negociaci\u00f3n.<\/p>\n\n\n\n<p>Hasta esta tarde, el bloqueo continuaba activo, seg\u00fan report\u00f3 la poblaci\u00f3n.<\/p>\n\n\n\n<p>Las autoridades indicaron que la protesta consiste en impedir el paso tanto de acceso como de salida a aquella poblaci\u00f3n.<\/p>\n\n\n\n<p>Ayer lunes, la poblaci\u00f3n realiz\u00f3 un bloqueo pero \u00fanicamente durante cuatro horas.<\/p>\n\n\n\n<p>Desde octubre pasado la poblaci\u00f3n ha solicitado la intervenci\u00f3n de las autoridades sin tener respuesta.<\/p>\n\n\n\n<p>EN SUPERCARRETERA<\/p>\n\n\n\n<p>Mientras tanto, luego de cerrar por varios d\u00edas de manera intermitente la v\u00eda federal Panamericana, a la altura del puente de fierro de Santo Domingo Tehuantepec, habitantes de la localidad de Rinc\u00f3n Moreno cerraron hoy la supercarretera La Ventosa-Salina Cruz, a la altura del kil\u00f3metro 9+950.<\/p>\n\n\n\n<p>Lo anterior para seguir exigiendo a la autoridad municipal que cumpla con diversas demandas de obra p\u00fablica. Hasta el momento no ha habido atenci\u00f3n por parte del ayuntamiento que preside Ana Cecilia P\u00e9rez.<\/p>\n","protected":false},"excerpt":{"rendered":"<p>Redacci\u00f3n\/Zona Roja. Oaxaca, Oax., a 10 de junio de 2025.- Tal y como lo hab\u00edan&hellip;<\/p>\n","protected":false},"author":2,"featured_media":81213,"comment_status":"closed","ping_status":"open","sticky":false,"template":"","format":"standard","meta":{"_lmt_disableupdate":"","_lmt_disable":"","_jetpack_memberships_contains_paid_content":false,"footnotes":""},"categories":[109,47],"tags":[1975],"class_list":["post-81212","post","type-post","status-publish","format-standard","has-post-thumbnail","hentry","category-minuto-a-minuto","category-zona-gris","tag-bloqueos-carreteros-oaxaca"],"jetpack_featured_media_url":"https:\/\/zonaroja.com.mx\/wp-content\/uploads\/2025\/06\/Bloqueo-Reforma-de-Pineda.jpg","jetpack_sharing_enabled":true,"_links":{"self":[{"href":"https:\/\/zonaroja.com.mx\/index.php?rest_route=\/wp\/v2\/posts\/81212","targetHints":{"allow":["GET"]}}],"collection":[{"href":"https:\/\/zonaroja.com.mx\/index.php?rest_route=\/wp\/v2\/posts"}],"about":[{"href":"https:\/\/zonaroja.com.mx\/index.php?rest_route=\/wp\/v2\/types\/post"}],"author":[{"embeddable":true,"href":"https:\/\/zonaroja.com.mx\/index.php?rest_route=\/wp\/v2\/users\/2"}],"replies":[{"embeddable":true,"href":"https:\/\/zonaroja.com.mx\/index.php?rest_route=%2Fwp%2Fv2%2Fcomments&post=81212"}],"version-history":[{"count":1,"href":"https:\/\/zonaroja.com.mx\/index.php?rest_route=\/wp\/v2\/posts\/81212\/revisions"}],"predecessor-version":[{"id":81214,"href":"https:\/\/zonaroja.com.mx\/index.php?rest_route=\/wp\/v2\/posts\/81212\/revisions\/81214"}],"wp:featuredmedia":[{"embeddable":true,"href":"https:\/\/zonaroja.com.mx\/index.php?rest_route=\/wp\/v2\/media\/81213"}],"wp:attachment":[{"href":"https:\/\/zonaroja.com.mx\/index.php?rest_route=%2Fwp%2Fv2%2Fmedia&parent=81212"}],"wp:term":[{"taxonomy":"category","embeddable":true,"href":"https:\/\/zonaroja.com.mx\/index.php?rest_route=%2Fwp%2Fv2%2Fcategories&post=81212"},{"taxonomy":"post_tag","embeddable":true,"href":"https:\/\/zonaroja.com.mx\/index.php?rest_route=%2Fwp%2Fv2%2Ftags&post=81212"}],"curies":[{"name":"wp","href":"https:\/\/api.w.org\/{rel}","templated":true}]}}