{"id":81215,"date":"2025-06-10T21:03:10","date_gmt":"2025-06-11T03:03:10","guid":{"rendered":"https:\/\/zonaroja.com.mx\/?p=81215"},"modified":"2025-06-10T21:35:42","modified_gmt":"2025-06-11T03:35:42","slug":"vandalizo-lila-downs-calles-del-centro-historico-de-oaxaca","status":"publish","type":"post","link":"https:\/\/zonaroja.com.mx\/?p=81215","title":{"rendered":"\u00bfVandaliz\u00f3 Lila Downs calles del Centro Hist\u00f3rico de Oaxaca?"},"content":{"rendered":"\n<p>Lisbeth Mej\u00eda Reyes\/Zona Roja.<\/p>\n\n\n\n<p>Oaxaca, Oax., a 10 de junio de 2025.- La reciente participaci\u00f3n de la cantante Lila Downs en la pega de est\u00e9nciles junto al artista gr\u00e1fico Alex Jos\u00e9 en el Centro Hist\u00f3rico de Oaxaca de Ju\u00e1rez, abri\u00f3 el debate sobre el respeto o no a la imagen urbana de esta zona de monumentos de la capital.&nbsp;<\/p>\n\n\n\n<p>Es de recordar que esta parte de la capital fue declarada como patrimonio mundial por la Organizaci\u00f3n de las Naciones Unidas para la Educaci\u00f3n, la Ciencia y la Cultura (UNESCO) en diciembre de 1987, junto con la zona arqueol\u00f3gica de Monte Alb\u00e1n.<\/p>\n\n\n\n<p>Este martes, la discusi\u00f3n sobre el actuar de la cantante oaxaque\u00f1a escal\u00f3 de la redes sociales al Cabildo municipal. En sesi\u00f3n ordinaria, diversos regidores y el presidente municipal coincidieron en que se debe de respetar la normatividad, independientemente de la persona que se trate.<\/p>\n\n\n\n<p>Esta reportera se comunic\u00f3 con la delegaci\u00f3n estatal del Instituto Nacional de Antropolog\u00eda e Historia (INAH) para conocer su postura sobre el caso. Sin embargo, hasta el momento no ha recibido la respuesta.<\/p>\n\n\n\n<p>La pega de los est\u00e9nciles con su imagen en forma de un grabado qued\u00f3 documentada en un video que la propia artista y ganadora de seis premios Latin Grammy comparti\u00f3 en su red social de Instagram.&nbsp;<\/p>\n\n\n\n<p>Ah\u00ed, la mayor\u00eda de los comentarios del video, que acompa\u00f1\u00f3 con la frase \u00abNuestra nueva m\u00fasica cambiar\u00e1 tu mundo\u00bb, fueron para elogiar a la artista y el cartel\/est\u00e9ncil.<\/p>\n\n\n\n<p>En las im\u00e1genes, se observa a Lila en compa\u00f1\u00eda de su hija y del artista \u00c1lex Jos\u00e9 mientras recorren la calle Macedonio Alcal\u00e1 pegando los promocionales en muros de inmuebles catalogados y en los que ya han sido retirados otros carteles.<\/p>\n\n\n\n<p>El reglamento de Aplicaci\u00f3n del Plan Parcial del Centro Hist\u00f3rico de Oaxaca de Ju\u00e1rez establece en su art\u00edculo 34 que est\u00e1 prohibido fijar propaganda en forma de volantes, folletos, desplegados, grafiti o arte urbano en los muros y en cualquier lugar que pueda da\u00f1ar la imagen urbana.&nbsp;<\/p>\n\n\n\n<p>Asimismo, se\u00f1ala que si es un anuncio cultural o de servicio se debe contar con la autorizaci\u00f3n de la direcci\u00f3n de Centro y Patrimonio Hist\u00f3rico municipal, pero solamente para colocarse en las carteleras municipales. En caso de ser sobre un bien federal, deber\u00e1 de contar tambi\u00e9n con el permiso del Instituto Nacional de Antropolog\u00eda e Historia, INAH.<\/p>\n\n\n\n<p>Al abordar el asunto en la sesi\u00f3n de Cabildo, el regidor Antonio \u00c1lvarez Mart\u00ednez y otros negaron que se est\u00e9 criminalizando a alguien por esta acci\u00f3n sino que se trata de un llamado para que toda la sociedad cuide el patrimonio.&nbsp;<\/p>\n\n\n\n<p>Aunque no se precis\u00f3 si la cantante o el artista solicitaron el permiso para esta actividad y si habr\u00e1 sanciones, el presidente municipal, Raymundo Chagoya Villanueva, dijo que toda persona debe pedir un permiso al ayuntamiento. Adem\u00e1s, se\u00f1al\u00f3 que, tras la propuesta de concejales, se buscar\u00e1 una reuni\u00f3n con el delegado del Centro INAH Oaxaca, Omar V\u00e1zquez Herrera, para abordar el tema de la protecci\u00f3n del patrimonio.<\/p>\n\n\n\n<p>Aunado a la contaminaci\u00f3n visual en forma de publicidad en muros y el mobiliario urbano, otro problema que afecta la imagen del centro hist\u00f3rico de la ciudad de Oaxaca es la proliferaci\u00f3n de las terrazas comerciales y la modificaci\u00f3n de sus inmuebles, asuntos del edil capitalino tambi\u00e9n ha se\u00f1alado en otras ocasiones que se atender\u00e1n.<\/p>\n\n\n\n<figure class=\"wp-block-embed is-type-rich is-provider-twitter wp-block-embed-twitter\"><div class=\"wp-block-embed__wrapper\">\n<div class=\"twitter-tweet\"><blockquote class=\"twitter-tweet\" data-lang=\"es\"><p lang=\"es\" dir=\"ltr\">3. Este es el pol\u00e9mico video en que se aprecia a la cantante Lila Downs participar recientemente en la pega de anuncios en paredes del Centro Hist\u00f3rico de la ciudad de Oaxaca, considerado Patrimonio Cultural de la Humanidad; se desconoce si solicitaron permiso. <a href=\"https:\/\/t.co\/f8reUq3aJa\">pic.twitter.com\/f8reUq3aJa<\/a><\/p>&mdash; Zona Roja Oaxaca (@ZonaRoja_Oaxaca) <a href=\"https:\/\/twitter.com\/ZonaRoja_Oaxaca\/status\/1932485224857772070?ref_src=twsrc%5Etfw\">10 de junio de 2025<\/a><\/blockquote><\/div>\n<\/div><\/figure>\n","protected":false},"excerpt":{"rendered":"<p>Lisbeth Mej\u00eda Reyes\/Zona Roja. Oaxaca, Oax., a 10 de junio de 2025.- La reciente participaci\u00f3n&hellip;<\/p>\n","protected":false},"author":2,"featured_media":81216,"comment_status":"closed","ping_status":"open","sticky":false,"template":"","format":"standard","meta":{"_lmt_disableupdate":"","_lmt_disable":"","_jetpack_memberships_contains_paid_content":false,"footnotes":""},"categories":[109,47],"tags":[1594],"class_list":["post-81215","post","type-post","status-publish","format-standard","has-post-thumbnail","hentry","category-minuto-a-minuto","category-zona-gris","tag-lila-downs"],"jetpack_featured_media_url":"https:\/\/zonaroja.com.mx\/wp-content\/uploads\/2025\/06\/Carteles-Lila-Downs-ciudad-de-Oaxaca.jpg","jetpack_sharing_enabled":true,"_links":{"self":[{"href":"https:\/\/zonaroja.com.mx\/index.php?rest_route=\/wp\/v2\/posts\/81215","targetHints":{"allow":["GET"]}}],"collection":[{"href":"https:\/\/zonaroja.com.mx\/index.php?rest_route=\/wp\/v2\/posts"}],"about":[{"href":"https:\/\/zonaroja.com.mx\/index.php?rest_route=\/wp\/v2\/types\/post"}],"author":[{"embeddable":true,"href":"https:\/\/zonaroja.com.mx\/index.php?rest_route=\/wp\/v2\/users\/2"}],"replies":[{"embeddable":true,"href":"https:\/\/zonaroja.com.mx\/index.php?rest_route=%2Fwp%2Fv2%2Fcomments&post=81215"}],"version-history":[{"count":2,"href":"https:\/\/zonaroja.com.mx\/index.php?rest_route=\/wp\/v2\/posts\/81215\/revisions"}],"predecessor-version":[{"id":81219,"href":"https:\/\/zonaroja.com.mx\/index.php?rest_route=\/wp\/v2\/posts\/81215\/revisions\/81219"}],"wp:featuredmedia":[{"embeddable":true,"href":"https:\/\/zonaroja.com.mx\/index.php?rest_route=\/wp\/v2\/media\/81216"}],"wp:attachment":[{"href":"https:\/\/zonaroja.com.mx\/index.php?rest_route=%2Fwp%2Fv2%2Fmedia&parent=81215"}],"wp:term":[{"taxonomy":"category","embeddable":true,"href":"https:\/\/zonaroja.com.mx\/index.php?rest_route=%2Fwp%2Fv2%2Fcategories&post=81215"},{"taxonomy":"post_tag","embeddable":true,"href":"https:\/\/zonaroja.com.mx\/index.php?rest_route=%2Fwp%2Fv2%2Ftags&post=81215"}],"curies":[{"name":"wp","href":"https:\/\/api.w.org\/{rel}","templated":true}]}}