{"id":81222,"date":"2025-06-11T07:03:33","date_gmt":"2025-06-11T13:03:33","guid":{"rendered":"https:\/\/zonaroja.com.mx\/?p=81222"},"modified":"2025-06-11T07:03:35","modified_gmt":"2025-06-11T13:03:35","slug":"otra-vez-juchitan-ahora-matan-a-balazos-a-una-mujer","status":"publish","type":"post","link":"https:\/\/zonaroja.com.mx\/?p=81222","title":{"rendered":"Otra vez Juchit\u00e1n: ahora matan a balazos a una mujer"},"content":{"rendered":"\n<p>Ismael Garc\u00eda M.\/Zona Roja.<\/p>\n\n\n\n<p>Oaxaca, Oax., a 11 de junio de 2025.- La violencia criminal regres\u00f3 a Juchit\u00e1n de Zaragoza y anoche una mujer fue asesinada a balazos.<\/p>\n\n\n\n<p>El ataque armado ocurri\u00f3 en la calle Jes\u00fas Urrieta de la colonia 5 de Abril, en que fue acribillada quien posteriormente fue identificada como Mar\u00eda Angelica P. L., trabajadora de un centro comercial.<\/p>\n\n\n\n<p>Fue cerca de la media noche en que ocurri\u00f3 el crimen y de acuerdo con versiones de los vecinos, la mujer de unos 35 a\u00f1os de edad era perseguida por al menos dos sujetos.<\/p>\n\n\n\n<p>Personal de la Fiscal\u00eda General del Estado de Oaxaca, a trav\u00e9s de la Vicefiscal\u00eda Regional del Istmo, inici\u00f3 las indagatorias bajo los protocolos de feminicidio.<\/p>\n\n\n\n<p>En Tlacolula de Matamoros, ayer por la tarde fue asesinado a balazos un comerciante.<\/p>\n\n\n\n<p>Fue en el local denominado \u201cTecno Aluminio y Cristaler\u00eda del Valle\u201d, en la calle Francisco I. Madero de la Segunda Secci\u00f3n, donde acribillaron a quien en vida respondi\u00f3 al nombre de Andr\u00e9s E. M., de unos 37 a\u00f1os de edad.<\/p>\n\n\n\n<p>A falta de vigilancia policiaca, el o los delincuentes lograron huir sin ning\u00fan contratiempo, pese a ser una zona c\u00e9ntrica de dicho municipio de la regi\u00f3n Valles Centrales.<\/p>\n\n\n\n<p>Mientras que por la ma\u00f1ana de ayer martes, en el destino tur\u00edstico de Puerto Escondido, una persona del sexo masculino fue ultimada por disparos de arma de fuego.<\/p>\n\n\n\n<p>Fue en un camino de terracer\u00eda de la colonia Aeropuerto en que localizaron el cuerpo sin vida, con golpes en la cabeza; la v\u00edctima a\u00fan no ha sido identificada y el caso lo investiga la Vicefiscal\u00eda Regional de la Costa.<\/p>\n","protected":false},"excerpt":{"rendered":"<p>Ismael Garc\u00eda M.\/Zona Roja. Oaxaca, Oax., a 11 de junio de 2025.- La violencia criminal&hellip;<\/p>\n","protected":false},"author":2,"featured_media":81225,"comment_status":"closed","ping_status":"open","sticky":false,"template":"","format":"standard","meta":{"_lmt_disableupdate":"","_lmt_disable":"","_jetpack_memberships_contains_paid_content":false,"footnotes":""},"categories":[109,51],"tags":[1604,127],"class_list":["post-81222","post","type-post","status-publish","format-standard","has-post-thumbnail","hentry","category-minuto-a-minuto","category-zona-roja","tag-asesinan-a-mujer-en-juchitan","tag-tlacolula-de-matamoros"],"jetpack_featured_media_url":"https:\/\/zonaroja.com.mx\/wp-content\/uploads\/2025\/06\/Mujer-asesinada-en-Juchitan.jpeg","jetpack_sharing_enabled":true,"_links":{"self":[{"href":"https:\/\/zonaroja.com.mx\/index.php?rest_route=\/wp\/v2\/posts\/81222","targetHints":{"allow":["GET"]}}],"collection":[{"href":"https:\/\/zonaroja.com.mx\/index.php?rest_route=\/wp\/v2\/posts"}],"about":[{"href":"https:\/\/zonaroja.com.mx\/index.php?rest_route=\/wp\/v2\/types\/post"}],"author":[{"embeddable":true,"href":"https:\/\/zonaroja.com.mx\/index.php?rest_route=\/wp\/v2\/users\/2"}],"replies":[{"embeddable":true,"href":"https:\/\/zonaroja.com.mx\/index.php?rest_route=%2Fwp%2Fv2%2Fcomments&post=81222"}],"version-history":[{"count":1,"href":"https:\/\/zonaroja.com.mx\/index.php?rest_route=\/wp\/v2\/posts\/81222\/revisions"}],"predecessor-version":[{"id":81226,"href":"https:\/\/zonaroja.com.mx\/index.php?rest_route=\/wp\/v2\/posts\/81222\/revisions\/81226"}],"wp:featuredmedia":[{"embeddable":true,"href":"https:\/\/zonaroja.com.mx\/index.php?rest_route=\/wp\/v2\/media\/81225"}],"wp:attachment":[{"href":"https:\/\/zonaroja.com.mx\/index.php?rest_route=%2Fwp%2Fv2%2Fmedia&parent=81222"}],"wp:term":[{"taxonomy":"category","embeddable":true,"href":"https:\/\/zonaroja.com.mx\/index.php?rest_route=%2Fwp%2Fv2%2Fcategories&post=81222"},{"taxonomy":"post_tag","embeddable":true,"href":"https:\/\/zonaroja.com.mx\/index.php?rest_route=%2Fwp%2Fv2%2Ftags&post=81222"}],"curies":[{"name":"wp","href":"https:\/\/api.w.org\/{rel}","templated":true}]}}