{"id":81227,"date":"2025-06-11T08:15:00","date_gmt":"2025-06-11T14:15:00","guid":{"rendered":"https:\/\/zonaroja.com.mx\/?p=81227"},"modified":"2025-06-11T07:06:47","modified_gmt":"2025-06-11T13:06:47","slug":"presentan-en-la-cdmx-actividades-de-la-guelaguetza-2025","status":"publish","type":"post","link":"https:\/\/zonaroja.com.mx\/?p=81227","title":{"rendered":"Presentan en la Cdmx actividades de la Guelaguetza 2025"},"content":{"rendered":"\n<p>Redacci\u00f3n\/Zona Roja.<\/p>\n\n\n\n<p>Oaxaca, Oax., a 11 de junio de 2025.- Con m\u00e1s de 150 actividades que comparten el legado de los pueblos originarios conformado por creencias, conocimientos y pr\u00e1cticas, Oaxaca refrendar\u00e1 en las fiestas de Julio, Mes de la Guelaguetza, por qu\u00e9 es el coraz\u00f3n cultural de M\u00e9xico.<\/p>\n\n\n\n<p>Desde el Complejo Cultural Los Pinos de la Ciudad de M\u00e9xico, el gobernador Salom\u00f3n Jara Cruz present\u00f3 ayer el abanico de eventos culturales, art\u00edsticos, gastron\u00f3micos y deportivos, que enmarcar\u00e1n la m\u00e1xima fiesta de las y los oaxaque\u00f1os que se inaugurar\u00e1 el 1 de julio en la Plaza de la Danza y concluir\u00e1 hasta el 2 de agosto, en 31 espacios p\u00fablicos de la capital oaxaque\u00f1a y municipios conurbados.<\/p>\n\n\n\n<p>\u201cOaxaca los espera con los brazos abiertos, la tierra donde Dios nunca muere est\u00e1 m\u00e1s lista que nunca para arroparlos y hacerlos parte de nuestra fiesta\u201d, expres\u00f3 el mandatario estatal.<\/p>\n\n\n\n<p>Por su parte la titular de la Secretar\u00eda de Turismo del Gobierno de M\u00e9xico, Josefina Rodr\u00edguez Zamora, reconoci\u00f3 la diversidad que caracteriza a Oaxaca, muestra de ello, dijo, son sus lenguas originarias y textiles, que destacan a nivel nacional e internacional.<\/p>\n\n\n\n<p>\u201cOaxaca es un M\u00e9xico, es importante destacar que hay 16 culturas y un pueblo afromexicano. Es tan grande la riqueza tur\u00edstica y cultural que tiene\u201d, dijo, al mismo tiempo que felicit\u00f3 el trabajo que realiza la Primavera Oaxaque\u00f1a en el sector tur\u00edstico.&nbsp;<\/p>\n\n\n\n<p>El titular de la Secretar\u00eda de la Culturas y Artes de Oaxaca (Seculta), Flavio Sosa Villavicencio inform\u00f3 la fiesta \u00e9tnica m\u00e1s grande de Am\u00e9rica Latina contar\u00e1 con la participaci\u00f3n de 55 delegaciones en sus cuatro presentaciones, los Lunes del Cerro, el 21 y 28 de julio; que son un crisol del patrimonio inmaterial de las ocho regiones.<\/p>\n\n\n\n<p>Asimismo, la titular de la Secretar\u00eda de Turismo Estatal (Sectur Oaxaca), Saymi Pineda Velasco explic\u00f3 que durante esta celebraci\u00f3n se estima una ocupaci\u00f3n hotelera del 83 por ciento, derivada de la llegada de 138 mil turistas, que generar\u00e1n una derrama estimada de m\u00e1s de 614 millones de pesos.<\/p>\n\n\n\n<p>En su oportunidad, el director del Instituto de Lenguas Originarias (ILEO), V\u00edctor Cata invit\u00f3 a disfrutar de la riqueza gastron\u00f3mica y cultura en esta celebraci\u00f3n; pero sobre todo, a vivir la diversidad ling\u00fc\u00edstica, que es un derecho humano, en el que dijo, el Gobierno de Oaxaca trabaja no solo para que se visibilicen en la Guelaguetza, sino que sea una actividad diaria.<\/p>\n\n\n\n<p>En este marco, Oaxaca compartir\u00e1 su riqueza gastron\u00f3mica con el Festival Oaxaca de Mil Sabores en el que participar\u00e1n 42 expositores de las ocho regiones la entidad con sus platillos caracter\u00edsticos. Este encuentro de sabor se realizar\u00e1 del 16 al 30 de julio en la Plaza de la Danza, de las 11:00 a 21:00 horas y tambi\u00e9n se apreciar\u00e1n presentaciones culturales y art\u00edsticas.<\/p>\n\n\n\n<p>La tradicional Feria del Mezcal 2025 que impulsa a productores de esta bebida, tendr\u00e1 lugar del 18 al 29 de julio en el Centro Cultural y de Convenciones de Oaxaca (CCCO) de 11:00 a 22:00 horas. Este espacio contar\u00e1 con 384 stands ubicados en seis pabellones: 100 de mezcal, 18 de cerveza, 16 de caf\u00e9, 20 de alimentos, 24 de agroindustriales y 206 de artesan\u00edas.<\/p>\n\n\n\n<p>Cabe destacar que este a\u00f1o, se tendr\u00e1 como invitada a la Feria de la Tlayuda; tambi\u00e9n habr\u00e1 m\u00e1s de 40 presentaciones musicales, conferencias magistrales y encuentros de negocio. Se espera una afluencia de 11 mil personas por d\u00eda; y para ello tambi\u00e9n se contar\u00e1 con transporte gratuito del Sistema de Transporte P\u00fablico Binni Bus.<\/p>\n\n\n\n<p>Esta celebraci\u00f3n, estar\u00e1 enmarcada por convites los d\u00edas 17, 22 y 24 de julio, que saldr\u00e1n a partir de las 17:00 horas del Z\u00f3calo capitalino y la Ex Garita de Xoxocotl\u00e1n, al Parque Primavera Cho Ndob\u00e1, ah\u00ed 125 personas artesanas de barro, palma, carrizo, madera y textil ofertar\u00e1n sus productos del 17 al 25 de julio, en un horario de 10:00 a 20:00 horas.<\/p>\n\n\n\n<p>NUMERALIA:<\/p>\n\n\n\n<p>\u00b7&nbsp;&nbsp;&nbsp;&nbsp;&nbsp;&nbsp;&nbsp;&nbsp; 150 actividades<\/p>\n\n\n\n<p>\u00b7&nbsp;&nbsp;&nbsp;&nbsp;&nbsp;&nbsp;&nbsp;&nbsp; 31 espacios de la capital y municipios conurbados<\/p>\n\n\n\n<p>\u00b7&nbsp;&nbsp;&nbsp;&nbsp;&nbsp;&nbsp;&nbsp;&nbsp; 55 delegaciones en los Lunes del Cerro<\/p>\n\n\n\n<p>\u00b7&nbsp;&nbsp;&nbsp;&nbsp;&nbsp;&nbsp;&nbsp;&nbsp; 83 por ciento de ocupaci\u00f3n hotelera<\/p>\n\n\n\n<p>\u00b7&nbsp;&nbsp;&nbsp;&nbsp;&nbsp;&nbsp;&nbsp;&nbsp; 138 mil turistas<\/p>\n\n\n\n<p>\u00b7&nbsp;&nbsp;&nbsp;&nbsp;&nbsp;&nbsp;&nbsp;&nbsp; M\u00e1s de 614 millones de pesos en derrama econ\u00f3mica<\/p>\n\n\n\n<p>\u00b7\u00a0\u00a0\u00a0\u00a0\u00a0\u00a0\u00a0\u00a0 181 mil personas del sector tur\u00edstico beneficiadas<\/p>\n\n\n\n<figure class=\"wp-block-embed is-type-rich is-provider-twitter wp-block-embed-twitter\"><div class=\"wp-block-embed__wrapper\">\n<div class=\"twitter-tweet\"><blockquote class=\"twitter-tweet\" data-lang=\"es\"><p lang=\"es\" dir=\"ltr\">Esta es la intervenci\u00f3n de los secretarios de Cultura, <a href=\"https:\/\/twitter.com\/flaviososavilla?ref_src=twsrc%5Etfw\">@flaviososavilla<\/a>, y de Turismo, <a href=\"https:\/\/twitter.com\/saymipinedav?ref_src=twsrc%5Etfw\">@saymipinedav<\/a>, en la presentaci\u00f3n de las actividades de la <a href=\"https:\/\/twitter.com\/hashtag\/Guelaguetza2025?src=hash&amp;ref_src=twsrc%5Etfw\">#Guelaguetza2025<\/a>, efectuada en el Centro Cultural Los Pinos de la Ciudad de M\u00e9xico. <a href=\"https:\/\/t.co\/ZLJhswOsgO\">pic.twitter.com\/ZLJhswOsgO<\/a><\/p>&mdash; Zona Roja Oaxaca (@ZonaRoja_Oaxaca) <a href=\"https:\/\/twitter.com\/ZonaRoja_Oaxaca\/status\/1932628015403438394?ref_src=twsrc%5Etfw\">11 de junio de 2025<\/a><\/blockquote><\/div>\n<\/div><\/figure>\n","protected":false},"excerpt":{"rendered":"<p>Redacci\u00f3n\/Zona Roja. Oaxaca, Oax., a 11 de junio de 2025.- Con m\u00e1s de 150 actividades&hellip;<\/p>\n","protected":false},"author":2,"featured_media":81224,"comment_status":"closed","ping_status":"open","sticky":false,"template":"","format":"standard","meta":{"_lmt_disableupdate":"","_lmt_disable":"","_jetpack_memberships_contains_paid_content":false,"footnotes":""},"categories":[109,46],"tags":[939],"class_list":["post-81227","post","type-post","status-publish","format-standard","has-post-thumbnail","hentry","category-minuto-a-minuto","category-zona-blanca","tag-salomon-jara-cruz"],"jetpack_featured_media_url":"https:\/\/zonaroja.com.mx\/wp-content\/uploads\/2025\/06\/GOBERNADOR-GUELAGUETZA-6.jpeg","jetpack_sharing_enabled":true,"_links":{"self":[{"href":"https:\/\/zonaroja.com.mx\/index.php?rest_route=\/wp\/v2\/posts\/81227","targetHints":{"allow":["GET"]}}],"collection":[{"href":"https:\/\/zonaroja.com.mx\/index.php?rest_route=\/wp\/v2\/posts"}],"about":[{"href":"https:\/\/zonaroja.com.mx\/index.php?rest_route=\/wp\/v2\/types\/post"}],"author":[{"embeddable":true,"href":"https:\/\/zonaroja.com.mx\/index.php?rest_route=\/wp\/v2\/users\/2"}],"replies":[{"embeddable":true,"href":"https:\/\/zonaroja.com.mx\/index.php?rest_route=%2Fwp%2Fv2%2Fcomments&post=81227"}],"version-history":[{"count":1,"href":"https:\/\/zonaroja.com.mx\/index.php?rest_route=\/wp\/v2\/posts\/81227\/revisions"}],"predecessor-version":[{"id":81228,"href":"https:\/\/zonaroja.com.mx\/index.php?rest_route=\/wp\/v2\/posts\/81227\/revisions\/81228"}],"wp:featuredmedia":[{"embeddable":true,"href":"https:\/\/zonaroja.com.mx\/index.php?rest_route=\/wp\/v2\/media\/81224"}],"wp:attachment":[{"href":"https:\/\/zonaroja.com.mx\/index.php?rest_route=%2Fwp%2Fv2%2Fmedia&parent=81227"}],"wp:term":[{"taxonomy":"category","embeddable":true,"href":"https:\/\/zonaroja.com.mx\/index.php?rest_route=%2Fwp%2Fv2%2Fcategories&post=81227"},{"taxonomy":"post_tag","embeddable":true,"href":"https:\/\/zonaroja.com.mx\/index.php?rest_route=%2Fwp%2Fv2%2Ftags&post=81227"}],"curies":[{"name":"wp","href":"https:\/\/api.w.org\/{rel}","templated":true}]}}