{"id":81229,"date":"2025-06-11T09:13:00","date_gmt":"2025-06-11T15:13:00","guid":{"rendered":"https:\/\/zonaroja.com.mx\/?p=81229"},"modified":"2025-06-11T07:28:44","modified_gmt":"2025-06-11T13:28:44","slug":"toque-de-queda-en-los-angeles-hay-arrestos-y-siguen-las-redadas","status":"publish","type":"post","link":"https:\/\/zonaroja.com.mx\/?p=81229","title":{"rendered":"Toque de queda en Los \u00c1ngeles: hay arrestos\u2026 y siguen las redadas"},"content":{"rendered":"\n<p>Redacci\u00f3n\/Zona Roja Cdmx.<\/p>\n\n\n\n<p>Ciudad de M\u00e9xico, a 11 de junio de 2025.- La Polic\u00eda de Los \u00c1ngeles realiz\u00f3 m\u00faltiples arrestos la noche del martes tras la entrada en vigor de un toque de queda nocturno en el centro de la ciudad, mientras continuaban por quinto d\u00eda consecutivo las protestas contra la pol\u00edtica migratoria del presidente Donald Trump.&nbsp;<\/p>\n\n\n\n<p>Las manifestaciones, que comenzaron el viernes, derivaron en saqueos y actos de vandalismo, lo que llev\u00f3 al Gobierno federal a desplegar tropas militares en la zona, una medida rechazada por las autoridades estatales.<\/p>\n\n\n\n<p>\u201cVarios grupos contin\u00faan congreg\u00e1ndose en la calle 1, entre Spring y Alameda\u201d, inform\u00f3 el Departamento de Polic\u00eda de Los \u00c1ngeles (LAPD) en su cuenta oficial en X.&nbsp;<\/p>\n\n\n\n<p>\u201cEsos grupos est\u00e1n siendo abordados y se est\u00e1n iniciando arrestos masivos\u201d. Seg\u00fan Los Angeles Times, al menos 25 personas fueron arrestadas el martes por la noche por violar la orden de permanecer en casa, y se esperaba que la cifra aumentara a medida que los agentes retiraban a los manifestantes restantes.<\/p>\n\n\n\n<p>El toque de queda, que rige de 8:00 p.m. a 6:00 a.m., fue declarado por la alcaldesa Karen Bass, quien explic\u00f3 que la medida busca \u201cdetener el vandalismo y los saqueos\u201d.&nbsp;<\/p>\n\n\n\n<p>La restricci\u00f3n abarca un \u00e1rea espec\u00edfica de aproximadamente 2,5 kil\u00f3metros cuadrados en el centro de la ciudad. La polic\u00eda indic\u00f3 que solo est\u00e1n exentos residentes, periodistas acreditados y personal de emergencia.<\/p>\n\n\n\n<p>Las protestas estallaron tras una serie de redadas federales contra inmigrantes, en una ciudad donde residen millones de personas de origen latino. \u201cCreo que est\u00e1n tomando medidas por seguridad\u201d, dijo una manifestante. \u201cPero no creo que el problema sea la protesta pac\u00edfica, sino lo que est\u00e1 pasando al margen de ella\u201d.<\/p>\n\n\n\n<p>Durante los \u00faltimos d\u00edas, manifestantes han bloqueado calles, encendido fogatas, lanzado objetos y atacado comercios. Seg\u00fan la polic\u00eda, 23 negocios fueron saqueados el lunes por la noche y m\u00e1s de 500 personas han sido detenidas desde el inicio de las movilizaciones.<\/p>\n\n\n\n<p>Frente a la situaci\u00f3n, el presidente Trump orden\u00f3 el env\u00edo de 4,000 miembros de la Guardia Nacional y 700 marines a Los \u00c1ngeles, en lo que calific\u00f3 como una respuesta necesaria para \u201crecuperar el control\u201d.&nbsp;<\/p>\n\n\n\n<p>No obstante, las autoridades locales han insistido en que pueden manejar la situaci\u00f3n con recursos propios.<\/p>\n\n\n\n<p>Una portavoz militar se\u00f1al\u00f3 que los marines estar\u00e1n en las calles a partir del mi\u00e9rcoles. Su misi\u00f3n ser\u00e1 proteger instalaciones federales y acompa\u00f1ar a agentes de inmigraci\u00f3n durante operativos, con el objetivo de \u201cproporcionar seguridad\u201d.&nbsp;<\/p>\n\n\n\n<p>Fotograf\u00edas del Cuerpo de Marines mostraron a efectivos practicando t\u00e1cticas de control de multitudes en la Estaci\u00f3n Naval de Seal Beach.<\/p>\n\n\n\n<p>La respuesta federal ha sido duramente criticada por el gobernador de California, Gavin Newsom, quien present\u00f3 una demanda ante la Corte del Distrito Norte del Estado solicitando un interdicto para frenar el uso de tropas en funciones policiales.&nbsp;<\/p>\n\n\n\n<p>En Estados Unidos, la Ley Posse Comitatus proh\u00edbe el uso de fuerzas armadas para tareas de seguridad interna, salvo en casos de insurrecci\u00f3n formalmente declarada, algo que Trump ha mencionado pero no ha decretado oficialmente.<\/p>\n\n\n\n<p>En un discurso ante tropas en Fort Bragg, Carolina del Norte, Trump describi\u00f3 los disturbios como \u201cuna invasi\u00f3n de enemigos extranjeros\u201d y acus\u00f3 a los manifestantes de atentar contra la soberan\u00eda nacional. \u201cEsta anarqu\u00eda no se mantendr\u00e1. No permitiremos que una ciudad estadounidense sea conquistada\u201d, afirm\u00f3.<\/p>\n\n\n\n<p>(Informaci\u00f3n de agencias en Infobae M\u00e9xico)<\/p>\n","protected":false},"excerpt":{"rendered":"<p>Redacci\u00f3n\/Zona Roja Cdmx. Ciudad de M\u00e9xico, a 11 de junio de 2025.- La Polic\u00eda de&hellip;<\/p>\n","protected":false},"author":2,"featured_media":81230,"comment_status":"closed","ping_status":"open","sticky":false,"template":"","format":"standard","meta":{"_lmt_disableupdate":"","_lmt_disable":"","_jetpack_memberships_contains_paid_content":false,"footnotes":""},"categories":[109,47],"tags":[4332],"class_list":["post-81229","post","type-post","status-publish","format-standard","has-post-thumbnail","hentry","category-minuto-a-minuto","category-zona-gris","tag-redada-de-migrantes-estados-unidos"],"jetpack_featured_media_url":"https:\/\/zonaroja.com.mx\/wp-content\/uploads\/2025\/06\/Redadas-enfrentamientos-policias-los-angeles.jpg","jetpack_sharing_enabled":true,"_links":{"self":[{"href":"https:\/\/zonaroja.com.mx\/index.php?rest_route=\/wp\/v2\/posts\/81229","targetHints":{"allow":["GET"]}}],"collection":[{"href":"https:\/\/zonaroja.com.mx\/index.php?rest_route=\/wp\/v2\/posts"}],"about":[{"href":"https:\/\/zonaroja.com.mx\/index.php?rest_route=\/wp\/v2\/types\/post"}],"author":[{"embeddable":true,"href":"https:\/\/zonaroja.com.mx\/index.php?rest_route=\/wp\/v2\/users\/2"}],"replies":[{"embeddable":true,"href":"https:\/\/zonaroja.com.mx\/index.php?rest_route=%2Fwp%2Fv2%2Fcomments&post=81229"}],"version-history":[{"count":1,"href":"https:\/\/zonaroja.com.mx\/index.php?rest_route=\/wp\/v2\/posts\/81229\/revisions"}],"predecessor-version":[{"id":81231,"href":"https:\/\/zonaroja.com.mx\/index.php?rest_route=\/wp\/v2\/posts\/81229\/revisions\/81231"}],"wp:featuredmedia":[{"embeddable":true,"href":"https:\/\/zonaroja.com.mx\/index.php?rest_route=\/wp\/v2\/media\/81230"}],"wp:attachment":[{"href":"https:\/\/zonaroja.com.mx\/index.php?rest_route=%2Fwp%2Fv2%2Fmedia&parent=81229"}],"wp:term":[{"taxonomy":"category","embeddable":true,"href":"https:\/\/zonaroja.com.mx\/index.php?rest_route=%2Fwp%2Fv2%2Fcategories&post=81229"},{"taxonomy":"post_tag","embeddable":true,"href":"https:\/\/zonaroja.com.mx\/index.php?rest_route=%2Fwp%2Fv2%2Ftags&post=81229"}],"curies":[{"name":"wp","href":"https:\/\/api.w.org\/{rel}","templated":true}]}}