{"id":8123,"date":"2020-01-27T21:24:15","date_gmt":"2020-01-28T03:24:15","guid":{"rendered":"http:\/\/www.zonaroja.com.mx\/?p=8123"},"modified":"2020-01-27T21:24:17","modified_gmt":"2020-01-28T03:24:17","slug":"hijas-de-vera-carrizal-denuncian-abuso-sexual-y-de-genero-por-parte-de-la-fiscalia","status":"publish","type":"post","link":"https:\/\/zonaroja.com.mx\/?p=8123","title":{"rendered":"Hijas de Vera Carrizal denuncian abuso sexual y de g\u00e9nero por parte de la Fiscal\u00eda"},"content":{"rendered":"\n<p>Evlin Arag\u00f3n\/Zona Roja.<\/p>\n\n\n\n<p>Oaxaca de Ju\u00e1rez, Oax., 27 de enero de\n2020.- Ashley, Lisle y Guadalupe, hijas del empresario Juan Antonio Vera\nCarrizal, acusaron a la Fiscal\u00eda General del Estado de abuso sexual y de g\u00e9nero\ndurante los cateos realizados el mi\u00e9rcoles pasado, para presuntamente dar\nseguimiento a la orden de aprensi\u00f3n girada en contra del tambi\u00e9n ex diputado\nlocal, actualmente pr\u00f3fugo de la justicia.<\/p>\n\n\n\n<p>As\u00ed lo dieron a conocer hoy a trav\u00e9s de\nun comunicado en el que aseguran que durante la intervenci\u00f3n de elementos de la\nAgencia Estatal de Investigaciones a su domicilio ubicado en la capital de\nOaxaca, Guadalupe Vera Hern\u00e1ndez sufri\u00f3 abuso sexual cuando uno de los\nelementos frot\u00f3 su pene en sus gl\u00fateos y toc\u00f3 sus pechos.<\/p>\n\n\n\n<p>Mientras que Ashley fue v\u00edctima de\nviolencia de g\u00e9nero, ya que sufri\u00f3 m\u00faltiples lesiones en todo su cuerpo:\ninflamaci\u00f3n en el cuero cabelludo; hematomas en cuello, muslo y brazos;\ndermoabrasiones en el cuello; y contractura muscular severa en regi\u00f3n\ndorsolumbar, criticando que la Fiscal\u00eda promueva la violencia en contra de las\nmujeres en lugar de preocuparse por castigarla.<\/p>\n\n\n\n<p>\u201cNos queda claro que la Fiscal\u00eda en un\ncaso donde pretende castigar violencia de g\u00e9nero est\u00e1 provocando m\u00e1s; dejando\nver que ni siquiera ellos son capaces de erradicarla, al contrario, la\npromueven\u201d, aseguran.<\/p>\n\n\n\n<p>Recordaron que el cateo se llev\u00f3 a cabo\nsin contar con una orden &#8211;al menos no fue mostrada a quienes se encontraban al\ninterior del inmueble&#8211; configur\u00e1ndose el delito de robo agravado al llevarse\nequipo de c\u00f3mputo sin ninguna documentaci\u00f3n que lo avale, as\u00ed como se realiz\u00f3\nuso excesivo de la fuerza p\u00fablica, violentando los derechos humanos de la\nfamilia ya que una menor de 15 a\u00f1os fue esposada y otro apuntado con un arma\nlarga.<\/p>\n\n\n\n<p>Por lo anterior, iniciaron una serie de\ncarpetas de investigaci\u00f3n contra servidores p\u00fablicos de la Fiscal\u00eda General del\nEstado. a las cuales solicitar\u00e1n d\u00e9 seguimiento la embajada Americana, ya que\ntres de las v\u00edctimas de violencia de g\u00e9nero durante los cateos, cuentan con\nciudadan\u00eda norteamericana.<\/p>\n\n\n\n<p>De igual forma, pidieron al fiscal,\nRub\u00e9n Vasconcelos M\u00e9ndez que deje de mentir con relaci\u00f3n al caso, ya que nunca\nse ha acercado con la familia de Vera Carrizal en contra de quienes ha iniciado\nuna persecuci\u00f3n pol\u00edtica para quedar bien ante los medios nacionales que han\ndado cobertura y seguimiento al caso de Mar\u00eda Elena R\u00edos.<\/p>\n\n\n\n<p>\u201cRub\u00e9n Vasconcelos M\u00e9ndez, Fiscal de\nOaxaca, hoy usted ha comenzado a imponer una pena sobre la supuesta\nresponsabilidad intelectual de nuestro padre, pero no se da cuenta que no solo\nlo ha hecho sobre \u00e9l, sino que tambi\u00e9n lo est\u00e1 haciendo sobre menores de edad y\nde nosotras sus hijas\u201d, refirieron.<\/p>\n\n\n\n<p>Pidieron la intervenci\u00f3n del Presidente\nde la Rep\u00fablica, Andr\u00e9s Manuel L\u00f3pez Obrador ya que insistieron en que se trata\nde una persecuci\u00f3n pol\u00edtica a Juan Vera la cual pretende da\u00f1ar su trayectoria,\npuesto que la Fiscal\u00eda ha ignorado que existen otras l\u00edneas de investigaci\u00f3n\npor las cu\u00e1les pudo haber sido atacada Mar\u00eda Elena R\u00edos: robo calificado,\nhomicidio, ri\u00f1a, lesiones y fraude. Situaciones en las que se ha visto inmersa\npor sus propios actos y los de su familia.<\/p>\n\n\n\n<p>\u201cQueremos que el seguimiento de esta\ninvestigaci\u00f3n sea bajo supervisi\u00f3n federal y con fiscales especializados en\nderechos humanos y perspectiva de g\u00e9nero, comprometidos con la justicia y no\ncon intereses pol\u00edticos ni tendenciosos, no podemos confiar en una Agencia\nEstatal de Investigaciones y en una Fiscal\u00eda que nos da\u00f1\u00f3 y nos golpe\u00f3, no solo\nf\u00edsica sino tambi\u00e9n psicol\u00f3gicamente\u201d, sentenciaron.<\/p>\n","protected":false},"excerpt":{"rendered":"<p>Evlin Arag\u00f3n\/Zona Roja. Oaxaca de Ju\u00e1rez, Oax., 27 de enero de 2020.- Ashley, Lisle y&hellip;<\/p>\n","protected":false},"author":2,"featured_media":8124,"comment_status":"closed","ping_status":"open","sticky":false,"template":"","format":"standard","meta":{"_lmt_disableupdate":"","_lmt_disable":"","_jetpack_memberships_contains_paid_content":false,"footnotes":""},"categories":[109,47],"tags":[1144,170],"class_list":["post-8123","post","type-post","status-publish","format-standard","has-post-thumbnail","hentry","category-minuto-a-minuto","category-zona-gris","tag-juan-antonio-vera-carrizal","tag-ruben-vasconcelos-mendez"],"jetpack_featured_media_url":"https:\/\/zonaroja.com.mx\/wp-content\/uploads\/2020\/01\/Hijas-Vera-Carrizal.jpg","jetpack_sharing_enabled":true,"_links":{"self":[{"href":"https:\/\/zonaroja.com.mx\/index.php?rest_route=\/wp\/v2\/posts\/8123","targetHints":{"allow":["GET"]}}],"collection":[{"href":"https:\/\/zonaroja.com.mx\/index.php?rest_route=\/wp\/v2\/posts"}],"about":[{"href":"https:\/\/zonaroja.com.mx\/index.php?rest_route=\/wp\/v2\/types\/post"}],"author":[{"embeddable":true,"href":"https:\/\/zonaroja.com.mx\/index.php?rest_route=\/wp\/v2\/users\/2"}],"replies":[{"embeddable":true,"href":"https:\/\/zonaroja.com.mx\/index.php?rest_route=%2Fwp%2Fv2%2Fcomments&post=8123"}],"version-history":[{"count":1,"href":"https:\/\/zonaroja.com.mx\/index.php?rest_route=\/wp\/v2\/posts\/8123\/revisions"}],"predecessor-version":[{"id":8125,"href":"https:\/\/zonaroja.com.mx\/index.php?rest_route=\/wp\/v2\/posts\/8123\/revisions\/8125"}],"wp:featuredmedia":[{"embeddable":true,"href":"https:\/\/zonaroja.com.mx\/index.php?rest_route=\/wp\/v2\/media\/8124"}],"wp:attachment":[{"href":"https:\/\/zonaroja.com.mx\/index.php?rest_route=%2Fwp%2Fv2%2Fmedia&parent=8123"}],"wp:term":[{"taxonomy":"category","embeddable":true,"href":"https:\/\/zonaroja.com.mx\/index.php?rest_route=%2Fwp%2Fv2%2Fcategories&post=8123"},{"taxonomy":"post_tag","embeddable":true,"href":"https:\/\/zonaroja.com.mx\/index.php?rest_route=%2Fwp%2Fv2%2Ftags&post=8123"}],"curies":[{"name":"wp","href":"https:\/\/api.w.org\/{rel}","templated":true}]}}