{"id":81236,"date":"2025-06-11T11:08:00","date_gmt":"2025-06-11T17:08:00","guid":{"rendered":"https:\/\/zonaroja.com.mx\/?p=81236"},"modified":"2025-06-11T08:09:12","modified_gmt":"2025-06-11T14:09:12","slug":"desaparecen-poderes-en-mazatlan-mixe-aplazan-caso-zapotitlan","status":"publish","type":"post","link":"https:\/\/zonaroja.com.mx\/?p=81236","title":{"rendered":"Desaparecen poderes en Mazatl\u00e1n Mixe; aplazan caso Zapotitl\u00e1n"},"content":{"rendered":"\n<p>Redacci\u00f3n\/Zona Roja.<\/p>\n\n\n\n<p>Oaxaca, Oax., a 11 de junio de 2025.- En sesi\u00f3n extraordinaria de ayer, la Sexag\u00e9sima Sexta Legislatura del Congreso del Estado declar\u00f3 procedente con 40 votos a favor la suspensi\u00f3n del ayuntamiento de San Juan Mazatl\u00e1n, distrito Mixe, electo para el periodo constitucional del 1 de enero al 31 de diciembre del 2025.<\/p>\n\n\n\n<p>Lo anterior, en virtud de haberse iniciado el procedimiento de desaparici\u00f3n de la referida municipalidad, por la existencia de vac\u00edo de autoridad y de ingobernabilidad que hacen imposible su funcionamiento, de acuerdo con lo establecido en el art\u00edculo 58 fracciones I y IV de la Ley Org\u00e1nica Municipal del Estado de Oaxaca.<\/p>\n\n\n\n<p>El Congreso local a trav\u00e9s de la Diputaci\u00f3n Permanente remiti\u00f3 a la Comisi\u00f3n Permanente de Gobierno y Asuntos Agrarios, que preside el diputado Mauro Cruz S\u00e1nchez, el oficio de fecha 02 de junio firmado por la ciudadana Emma Yadira Vel\u00e1squez Miguel, S\u00edndica Municipal electa de la ya referida demarcaci\u00f3n solicitando se aplique este procedimiento.<\/p>\n\n\n\n<p>Lo anterior tambi\u00e9n se fundamenta, toda vez que el Instituto Estatal Electoral y de Participaci\u00f3n Ciudadana de Oaxaca (IEEPCO) declar\u00f3 jur\u00eddicamente no v\u00e1lida la elecci\u00f3n celebrada el pasado 14 de octubre de 2024 en la citada comunidad, al considerar que no se llev\u00f3 a cabo de conformidad con el Sistema Normativo Ind\u00edgena (SIN) y que se afectaron los principios de certeza y seguridad jur\u00eddica de las elecciones, al haberse creado un nuevo estatuto comunitario sin la participaci\u00f3n de todo el pueblo.<\/p>\n\n\n\n<p>Por otra parte, con 31 votos a favor se turn\u00f3 nuevamente al \u00f3rgano legislativo de Gobierno y Asuntos Agrarios el dictamen con Proyecto de Decreto, relacionado con la suspensi\u00f3n del Ayuntamiento de Zapotitl\u00e1n Palmas, Huajuapan de Le\u00f3n, electo para el periodo constitucional 2023-2025, para su estudio y dictaminaci\u00f3n en un plazo de ocho d\u00edas h\u00e1biles.<\/p>\n\n\n\n<p>Luego de una amplia discusi\u00f3n, en donde las y los representantes populares consideraron que la medida vulnera los derechos pol\u00edticos de la Presidenta Municipal electa y establece un precedente negativo para la participaci\u00f3n pol\u00edtica de las mujeres ind\u00edgenas y afromexicanas.<\/p>\n\n\n\n<p>Indicaron que lo anterior implicar\u00eda una contradicci\u00f3n con los discursos de g\u00e9nero, las acciones en territorio y los pronunciamientos que ha hecho el Poder Legislativo en favor de los derechos de las mujeres.<\/p>\n\n\n\n<p>Por ello, consideraron que este tema requiere de m\u00e1s di\u00e1logo, y en consecuencia propusieron que la Comisi\u00f3n Permanente competente se re\u00fana con las personas involucradas, y se priorice el respeto a los derechos colectivos de las comunidades y los derechos pol\u00edticos de las mujeres ind\u00edgenas y afromexicanas.<\/p>\n","protected":false},"excerpt":{"rendered":"<p>Redacci\u00f3n\/Zona Roja. Oaxaca, Oax., a 11 de junio de 2025.- En sesi\u00f3n extraordinaria de ayer,&hellip;<\/p>\n","protected":false},"author":2,"featured_media":67970,"comment_status":"closed","ping_status":"open","sticky":false,"template":"","format":"standard","meta":{"_lmt_disableupdate":"","_lmt_disable":"","_jetpack_memberships_contains_paid_content":false,"footnotes":""},"categories":[109,46],"tags":[303],"class_list":["post-81236","post","type-post","status-publish","format-standard","has-post-thumbnail","hentry","category-minuto-a-minuto","category-zona-blanca","tag-congreso-del-estado-de-oaxaca"],"jetpack_featured_media_url":"https:\/\/zonaroja.com.mx\/wp-content\/uploads\/2024\/05\/San-Juan-Mazatlan-Mixe.jpg","jetpack_sharing_enabled":true,"_links":{"self":[{"href":"https:\/\/zonaroja.com.mx\/index.php?rest_route=\/wp\/v2\/posts\/81236","targetHints":{"allow":["GET"]}}],"collection":[{"href":"https:\/\/zonaroja.com.mx\/index.php?rest_route=\/wp\/v2\/posts"}],"about":[{"href":"https:\/\/zonaroja.com.mx\/index.php?rest_route=\/wp\/v2\/types\/post"}],"author":[{"embeddable":true,"href":"https:\/\/zonaroja.com.mx\/index.php?rest_route=\/wp\/v2\/users\/2"}],"replies":[{"embeddable":true,"href":"https:\/\/zonaroja.com.mx\/index.php?rest_route=%2Fwp%2Fv2%2Fcomments&post=81236"}],"version-history":[{"count":1,"href":"https:\/\/zonaroja.com.mx\/index.php?rest_route=\/wp\/v2\/posts\/81236\/revisions"}],"predecessor-version":[{"id":81237,"href":"https:\/\/zonaroja.com.mx\/index.php?rest_route=\/wp\/v2\/posts\/81236\/revisions\/81237"}],"wp:featuredmedia":[{"embeddable":true,"href":"https:\/\/zonaroja.com.mx\/index.php?rest_route=\/wp\/v2\/media\/67970"}],"wp:attachment":[{"href":"https:\/\/zonaroja.com.mx\/index.php?rest_route=%2Fwp%2Fv2%2Fmedia&parent=81236"}],"wp:term":[{"taxonomy":"category","embeddable":true,"href":"https:\/\/zonaroja.com.mx\/index.php?rest_route=%2Fwp%2Fv2%2Fcategories&post=81236"},{"taxonomy":"post_tag","embeddable":true,"href":"https:\/\/zonaroja.com.mx\/index.php?rest_route=%2Fwp%2Fv2%2Ftags&post=81236"}],"curies":[{"name":"wp","href":"https:\/\/api.w.org\/{rel}","templated":true}]}}