{"id":81245,"date":"2025-06-11T13:24:00","date_gmt":"2025-06-11T19:24:00","guid":{"rendered":"https:\/\/zonaroja.com.mx\/?p=81245"},"modified":"2025-06-11T08:24:39","modified_gmt":"2025-06-11T14:24:39","slug":"opinion-el-ministro-sin-toga-pero-con-guayabera","status":"publish","type":"post","link":"https:\/\/zonaroja.com.mx\/?p=81245","title":{"rendered":"Opini\u00f3n. El ministro sin toga, pero con guayabera"},"content":{"rendered":"\n<p>N\u00e9stor Y. S\u00e1nchez Islas<\/p>\n\n\n\n<p>\u201cNo usar\u00e9 la toga de ministro\u201d, fue una de las primeras declaraciones del licenciado Hugo Aguilar Ortiz, probable nuevo presidente de la SCJN. No s\u00e9 si lo traicion\u00f3 el subconsciente o, de plano, acepta que la prenda le quedar\u00e1 grande.<\/p>\n\n\n\n<p>S\u00ed&nbsp;no usar\u00e1 toga es seguro que usar\u00e1 la guayabera, una magn\u00edfica prenda de vestir cuyo origen est\u00e1 en Cuba. Una prenda fresca y vers\u00e1til que igual sirve para ir a una elegante boda que para dar un discurso populista ofreciendo pensiones a diestra y siniestra.<\/p>\n\n\n\n<p>Pero la guayabera en el cuerpo de un pol\u00edtico deja su elegante significado y se transforma en el s\u00edmbolo de populismo irresponsable, autoritario, corrupto&nbsp;y tramposo. Tales atributos son gracias a Luis Echeverr\u00eda, el populista de los a\u00f1os 70 que am\u00f3 a Cuba e inspir\u00f3 a AMLO como para autonombrarse el cuarto transformador del pa\u00eds. Solo que Echeverr\u00eda se declar\u00f3 as\u00ed mismo igual, pero 50 a\u00f1os antes.<\/p>\n\n\n\n<p>Al rechazo a la toga por parte del licenciado Aguilar habr\u00e1 que darle la interpretaci\u00f3n carnavalesca que amerita&nbsp;tras&nbsp;haber conseguido el puesto no por sus m\u00e9ritos acad\u00e9micos y&nbsp;judiciales&nbsp;sino por el uso del acorde\u00f3n propio y s\u00edmbolo de los alumnos m\u00e1s&nbsp;tramposos&nbsp;de cada generaci\u00f3n.&nbsp;\u201cActivistas\u201d se autonombran ahora muchos de ellos, y se envuelven en la bandera de todo tipo de causas para ocultar que su vida la han dedicado al borlote, las protestas&nbsp;muchas de ellas por dinero y&nbsp;en un rechazo a occidente y su cultura, pero sin soltar el&nbsp;\u201cIphone\u201d y el volante de su camioneta&nbsp;Jeep.<\/p>\n\n\n\n<p>Pero la guayabera populista tiene un significado m\u00e1s siniestro y mortal&nbsp;para los periodistas. Es el s\u00edmbolo de la represi\u00f3n y la guerra sucia de los a\u00f1os 70 y 80 contra la que dicen lucharon los que hoy, desde Morena, tienen el control del pa\u00eds. La represi\u00f3n encubierta y abierta contra la prensa hoy se retoma en manos de este r\u00e9gimen cuyo mote, PRI-MOR, le queda como anillo al dedo.<\/p>\n\n\n\n<p>El hecho de que el futuro ministro se niegue a usar la toga es una muestra de desconocimiento de las leyes. No resulta extra\u00f1o cuando vemos que su experiencia est\u00e1 en el activismo indigenista,&nbsp;que ha logrado avances, pero que&nbsp;una buena parte de ellos&nbsp;se&nbsp;sometieron&nbsp;al gobierno de AMLO para justificar sus obras fara\u00f3nicas, la destrucci\u00f3n de la naturaleza y el desprecio por comunidades que quedar\u00e1n al paso de los parques industriales y las modernas v\u00edas que las conectar\u00e1n.<\/p>\n\n\n\n<p>El discurso indigenista&nbsp;los&nbsp;viste&nbsp;de legitimidad, al menos frente a sus simpatizantes, pero&nbsp;al hacerlo&nbsp;rebajan&nbsp;la identidad de los verdaderos ind\u00edgenas&nbsp;a un mero recurso pol\u00edtico superficial&nbsp;convirti\u00e9ndolos en estereotipos. Al romantizar&nbsp;el&nbsp;indigenismo&nbsp;con fines pol\u00edticos&nbsp;nos hacen creer en una supuesta superioridad moral o ser poseedores de atributos que no tienen m\u00e1s que en el discurso falsario. &nbsp;Suele presentarlos como sujetos en armon\u00eda profunda con la naturaleza y ajenos al mundo moderno u occidental, negando con ello la complejidad de nuestra sociedad y&nbsp;banalizando&nbsp;los graves problemas de exclusi\u00f3n&nbsp;en que viven las comunidades marginadas.<\/p>\n\n\n\n<p>Para reg\u00edmenes populistas como el que tenemos, el uso del indigenismo&nbsp;es selectivo y convenenciero.&nbsp;Felipe Calder\u00f3n, liberal,&nbsp;tuvo a su diputada ind\u00edgena, Eufrosina Cruz, la 4T, populista,&nbsp;tendr\u00e1&nbsp;a su ministro de la SCJN.&nbsp;Si bien el indigenismo puede ser una valiosa herramienta para reivindicar a una parte de M\u00e9xico hist\u00f3ricamente vulnerable y excluido,&nbsp;el uso oportunista de ellos por parte de un gobierno encabezado por una presidenta con or\u00edgenes familiares en Lituania&nbsp;termina por ser solamente una manipulaci\u00f3n simb\u00f3lica m\u00e1s&nbsp;que terminar\u00e1&nbsp;por reproducir las mismas desigualdades que dice combatir.<\/p>\n\n\n\n<p>El mensaje&nbsp;indigenista no deber\u00eda ser el negarse a usar toga, deber\u00eda ser congruente con su supuesta superioridad moral y rechazar un cargo logrado de forma tramposa&nbsp;y para el que carece de preparaci\u00f3n alguna. Quedar\u00e1 sometido a lo que tanto rechazan los ind\u00edgenas, a dos personas blancas y de origen extranjero: AMLO, un espa\u00f1ol renegado y&nbsp;Sheinbaum,de origen&nbsp;lituano.&nbsp;<\/p>\n\n\n\n<p>El futuro ministro podr\u00e1 usar guayabera o calz\u00f3n de manta&nbsp;si quiere, pero eso no ayudar\u00e1 a cambiar la realidad&nbsp;de un pa\u00eds en el que sobran los demagogos&nbsp;y faltan&nbsp;personas que asuman la realidad de los hechos y, a partir de ah\u00ed, construyan un pa\u00eds mejor.<\/p>\n\n\n\n<p>LIBERTAD DE EXPRESI\u00d3N.<\/p>\n\n\n\n<p>La libertad de libertades como lo es la de expresi\u00f3n&nbsp;est\u00e1 en retroceso. El r\u00e9gimen ya tiene el control absoluto del Estado y sus instituciones&nbsp;y, poco a poco, nos lo dejar\u00e1 sentir con todo el peso con que la ley se aplica a los enemigos y nada de gracia que ser\u00e1 solo para los amigos. Hoy el r\u00e9gimen sigue cerrando la pinza, aunque no de manera directa, pero si a trav\u00e9s de la implementaci\u00f3n de controles&nbsp;sutiles a trav\u00e9s&nbsp;de medios econ\u00f3micos&nbsp;y la negaci\u00f3n de recursos.&nbsp;La compra de&nbsp;\u201cyoutuberos\u201d, reporteros y medios&nbsp;contrasta contra lo que queda de periodismo cr\u00edtico.<\/p>\n\n\n\n<p>nestoryuri@yahoo.com<\/p>\n","protected":false},"excerpt":{"rendered":"<p>N\u00e9stor Y. S\u00e1nchez Islas \u201cNo usar\u00e9 la toga de ministro\u201d, fue una de las primeras&hellip;<\/p>\n","protected":false},"author":2,"featured_media":67897,"comment_status":"closed","ping_status":"open","sticky":false,"template":"","format":"standard","meta":{"_lmt_disableupdate":"","_lmt_disable":"","_jetpack_memberships_contains_paid_content":false,"footnotes":""},"categories":[456,109],"tags":[3050],"class_list":["post-81245","post","type-post","status-publish","format-standard","has-post-thumbnail","hentry","category-columna","category-minuto-a-minuto","tag-nestor-yuri-sanchez"],"jetpack_featured_media_url":"https:\/\/zonaroja.com.mx\/wp-content\/uploads\/2024\/05\/Opinion-Nestor-Yuri-Sanchez.jpeg","jetpack_sharing_enabled":true,"_links":{"self":[{"href":"https:\/\/zonaroja.com.mx\/index.php?rest_route=\/wp\/v2\/posts\/81245","targetHints":{"allow":["GET"]}}],"collection":[{"href":"https:\/\/zonaroja.com.mx\/index.php?rest_route=\/wp\/v2\/posts"}],"about":[{"href":"https:\/\/zonaroja.com.mx\/index.php?rest_route=\/wp\/v2\/types\/post"}],"author":[{"embeddable":true,"href":"https:\/\/zonaroja.com.mx\/index.php?rest_route=\/wp\/v2\/users\/2"}],"replies":[{"embeddable":true,"href":"https:\/\/zonaroja.com.mx\/index.php?rest_route=%2Fwp%2Fv2%2Fcomments&post=81245"}],"version-history":[{"count":1,"href":"https:\/\/zonaroja.com.mx\/index.php?rest_route=\/wp\/v2\/posts\/81245\/revisions"}],"predecessor-version":[{"id":81246,"href":"https:\/\/zonaroja.com.mx\/index.php?rest_route=\/wp\/v2\/posts\/81245\/revisions\/81246"}],"wp:featuredmedia":[{"embeddable":true,"href":"https:\/\/zonaroja.com.mx\/index.php?rest_route=\/wp\/v2\/media\/67897"}],"wp:attachment":[{"href":"https:\/\/zonaroja.com.mx\/index.php?rest_route=%2Fwp%2Fv2%2Fmedia&parent=81245"}],"wp:term":[{"taxonomy":"category","embeddable":true,"href":"https:\/\/zonaroja.com.mx\/index.php?rest_route=%2Fwp%2Fv2%2Fcategories&post=81245"},{"taxonomy":"post_tag","embeddable":true,"href":"https:\/\/zonaroja.com.mx\/index.php?rest_route=%2Fwp%2Fv2%2Ftags&post=81245"}],"curies":[{"name":"wp","href":"https:\/\/api.w.org\/{rel}","templated":true}]}}