{"id":81248,"date":"2025-06-11T12:19:07","date_gmt":"2025-06-11T18:19:07","guid":{"rendered":"https:\/\/zonaroja.com.mx\/?p=81248"},"modified":"2025-06-11T12:19:07","modified_gmt":"2025-06-11T18:19:07","slug":"por-fin-inician-investigacion-sobre-presunto-matrimonio-infantil-en-oaxaca","status":"publish","type":"post","link":"https:\/\/zonaroja.com.mx\/?p=81248","title":{"rendered":"Por fin inician investigaci\u00f3n sobre presunto matrimonio infantil en Oaxaca&nbsp;"},"content":{"rendered":"\n<p>Redacci\u00f3n\/Zona Roja.&nbsp;<\/p>\n\n\n\n<p class=\"MsoNormal\">Oaxaca, Oax. 11 de junio de 2025.- El Gobierno del Estado a trav\u00e9s de la Secretar\u00eda Ejecutiva del Sistema de Protecci\u00f3n Integral de los Derechos de Ni\u00f1as, Ni\u00f1os y Adolescentes del Estado de Oaxaca (SE-Sipinna), inici\u00f3 las acciones correspondientes ante el presunto caso de matrimonio infantil y de consumo de bebidas alcoh\u00f3licas por menores de edad en San Juanito Yosocani, municipio de San Lorenzo, en la regi\u00f3n Costa.<\/p>\n\n\n\n<p class=\"MsoNormal\">La dependencia trabaja de manera coordinada con la Fiscal\u00eda General del Estado de Oaxaca (FGEO) y dem\u00e1s instancias encargadas de la atenci\u00f3n ante estos casos, para esclarecer los hechos, recabar pruebas y determinar las responsabilidades a que haya lugar.<\/p>\n\n\n\n<p class=\"MsoNormal\">Asimismo, se activaron los protocolos de atenci\u00f3n y protecci\u00f3n para las ni\u00f1as, ni\u00f1os y adolescentes presuntamente afectados, para garantizar su seguridad, bienestar y el acceso a la atenci\u00f3n m\u00e9dica, psicol\u00f3gica y legal necesaria.<\/p>\n\n\n\n<p class=\"MsoNormal\">La SE- Sipinna reitera que se utilizar\u00e1n todas las v\u00edas legales para asegurar que las y los responsables de cualquier acto que vulnere los derechos de ni\u00f1as, ni\u00f1os y adolescentes, sean sancionados conforme a la legislaci\u00f3n vigente.<\/p>\n\n\n\n<p class=\"MsoNormal\">El Gobierno del Estado que encabeza el Gobernador Salom\u00f3n Jara Cruz, rechaza total e incondicionalmente actos que vulneren los derechos de ni\u00f1as, ni\u00f1os y adolescentes; su dignidad y derechos son inviolables y ninguna pr\u00e1ctica comunitaria o tradici\u00f3n cultural est\u00e1 por encima de ellos.<\/p>\n\n\n\n<p class=\"MsoNormal\">En este sentido, para garantizar la protecci\u00f3n integral de las y los menores involucrados en el caso, se solicita a los medios de comunicaci\u00f3n a conducirse con \u00e9tica y protecci\u00f3n de los datos personales, incluyendo la identidad de las y los implicados.<\/p>\n\n\n\n<p class=\"MsoNormal\">Aunado a ello, se hace un llamado a la ciudadan\u00eda a sumarse a este esfuerzo conjunto por la protecci\u00f3n de la ni\u00f1ez y adolescencia, denunciando cualquier situaci\u00f3n de riesgo y promoviendo una cultura de respeto, as\u00ed como de garant\u00eda de sus derechos.<\/p>\n\n\n\n<p class=\"MsoNormal\">Con el firme prop\u00f3sito de evitar futuros casos que pongan en riesgo a infancias y adolescencias, se intensificar\u00e1n las campa\u00f1as informativas sobre sus derechos, los riesgos del matrimonio infantil y el consumo de alcohol, dirigidas a comunidades, padres de familia, l\u00edderes comunitarios y la poblaci\u00f3n general.&nbsp;<\/p>\n\n\n\n<p class=\"MsoNormal\">As\u00ed como continuar la capacitaci\u00f3n constante a personas servidoras p\u00fablicas, docentes y personal de salud sobre la identificaci\u00f3n y denuncia de casos de violencia contra ni\u00f1as, ni\u00f1os y adolescentes.&nbsp;<\/p>\n\n\n\n<p class=\"MsoNormal\">(Comunicado)<\/p>\n","protected":false},"excerpt":{"rendered":"<p>Redacci\u00f3n\/Zona Roja.&nbsp; Oaxaca, Oax. 11 de junio de 2025.- El Gobierno del Estado a trav\u00e9s&hellip;<\/p>\n","protected":false},"author":2,"featured_media":81247,"comment_status":"closed","ping_status":"open","sticky":false,"template":"","format":"standard","meta":{"_lmt_disableupdate":"","_lmt_disable":"","_jetpack_memberships_contains_paid_content":false,"footnotes":""},"categories":[109,47],"tags":[],"class_list":["post-81248","post","type-post","status-publish","format-standard","has-post-thumbnail","hentry","category-minuto-a-minuto","category-zona-gris"],"jetpack_featured_media_url":"https:\/\/zonaroja.com.mx\/wp-content\/uploads\/2025\/06\/img_6808-1.jpg","jetpack_sharing_enabled":true,"_links":{"self":[{"href":"https:\/\/zonaroja.com.mx\/index.php?rest_route=\/wp\/v2\/posts\/81248","targetHints":{"allow":["GET"]}}],"collection":[{"href":"https:\/\/zonaroja.com.mx\/index.php?rest_route=\/wp\/v2\/posts"}],"about":[{"href":"https:\/\/zonaroja.com.mx\/index.php?rest_route=\/wp\/v2\/types\/post"}],"author":[{"embeddable":true,"href":"https:\/\/zonaroja.com.mx\/index.php?rest_route=\/wp\/v2\/users\/2"}],"replies":[{"embeddable":true,"href":"https:\/\/zonaroja.com.mx\/index.php?rest_route=%2Fwp%2Fv2%2Fcomments&post=81248"}],"version-history":[{"count":1,"href":"https:\/\/zonaroja.com.mx\/index.php?rest_route=\/wp\/v2\/posts\/81248\/revisions"}],"predecessor-version":[{"id":81249,"href":"https:\/\/zonaroja.com.mx\/index.php?rest_route=\/wp\/v2\/posts\/81248\/revisions\/81249"}],"wp:featuredmedia":[{"embeddable":true,"href":"https:\/\/zonaroja.com.mx\/index.php?rest_route=\/wp\/v2\/media\/81247"}],"wp:attachment":[{"href":"https:\/\/zonaroja.com.mx\/index.php?rest_route=%2Fwp%2Fv2%2Fmedia&parent=81248"}],"wp:term":[{"taxonomy":"category","embeddable":true,"href":"https:\/\/zonaroja.com.mx\/index.php?rest_route=%2Fwp%2Fv2%2Fcategories&post=81248"},{"taxonomy":"post_tag","embeddable":true,"href":"https:\/\/zonaroja.com.mx\/index.php?rest_route=%2Fwp%2Fv2%2Ftags&post=81248"}],"curies":[{"name":"wp","href":"https:\/\/api.w.org\/{rel}","templated":true}]}}