{"id":81250,"date":"2025-06-11T19:50:33","date_gmt":"2025-06-12T01:50:33","guid":{"rendered":"https:\/\/zonaroja.com.mx\/?p=81250"},"modified":"2025-06-11T19:50:35","modified_gmt":"2025-06-12T01:50:35","slug":"denuncian-al-consul-pavel-melendez-de-violencia-de-genero-acoso-laboral-y-hostigamiento","status":"publish","type":"post","link":"https:\/\/zonaroja.com.mx\/?p=81250","title":{"rendered":"Denuncian al c\u00f3nsul P\u00e1vel Mel\u00e9ndez de violencia de g\u00e9nero, acoso laboral y hostigamiento\u00a0"},"content":{"rendered":"\n<p>Lisbeth Mej\u00eda Reyes\/Zona Roja.&nbsp;<\/p>\n\n\n\n<p>Oaxaca, Oax., a 11 de junio de 2025.- P\u00e1vel Mel\u00e9ndez Cruz, originario de Oaxaca y c\u00f3nsul de M\u00e9xico en Denver, Estados Unidos, acumula al menos siete denuncias de parte de empleadas y empleados, quienes lo acusan de violencia de g\u00e9nero, acoso laboral, discriminaci\u00f3n, abuso sexual y hostigamiento, entre otras conductas, de acuerdo con la periodista Dolia Est\u00e9vez.&nbsp;<\/p>\n\n\n\n<p>La tambi\u00e9n columnista ha publicado en los \u00faltimos meses sobre los casos en X (antes Twitter) y en el medio Eje Central. Ah\u00ed tambi\u00e9n ha compartido parte de los documentos en los que se se\u00f1ala al oaxaque\u00f1o por incurrir en este tipo de agresiones, las cuales, explica, son del conocimiento del titular de la Secretar\u00eda de Relaciones Exteriores, Juan Ram\u00f3n de la Fuente.<\/p>\n\n\n\n<p>El ex diputado local de Oaxaca por el partido Morena se desempe\u00f1a desde noviembre de 2022 como c\u00f3nsul de M\u00e9xico en Denver, Colorado, Estados Unidos. Es decir, desde el gobierno del ex presidente Andr\u00e9s Manuel L\u00f3pez Obrador y ha permanecido bajo el mandato de la presidenta Claudia Sheinbaum, ambos emanados de Morena.<\/p>\n\n\n\n<p>De acuerdo con la periodista, Mel\u00e9ndez Cruz ha sido denunciado ante el \u00d3rgano Interno de Control de la Canciller\u00eda desde octubre de 2024 por varios empleados, y al menos una de ellas renunci\u00f3 a sus cargo al no soportar m\u00e1s las conductas del morenista.<\/p>\n\n\n\n<p>La carta de renuncia de Alejandra Le\u00f3n Polina, de fecha 12 de mayo, fue compartida por la periodista en su cuenta de X este martes 11 de junio. En el documento, quien fue prestadora de servicios profesionales independientes acusa a Mel\u00e9ndez Cruz de violencia de g\u00e9nero, acoso laboral y hostigamiento. Adem\u00e1s se\u00f1ala que a pesar de haber presentado su denuncia formal \u00abel agresor sigue sin consecuencias visibles\u00bb.<\/p>\n\n\n\n<p>\u00abLas instituciones que deber\u00edan proteger a los trabajadores y garantizar su derechos \u2014el Comit\u00e9 de \u00c9tica, la Secretar\u00eda de Relaciones Exteriores, el \u00d3rgano Interno de Control y la Comisi\u00f3n Nacional de los Derechos Humano\u2014 han guardado silencio ante mi situaci\u00f3n.<\/p>\n\n\n\n<p>En la carta de renuncia, Le\u00f3n Polina tambi\u00e9n responsabiliz\u00f3 a Mel\u00e9ndez Cruz y a allegados por cualquier represalia en su contra o en contra de su familia.<\/p>\n\n\n\n<p>P\u00e1vel Mel\u00e9ndez Cruz es un pol\u00edtico originario de Ciudad Ixtepec y de acuerdo con su semblanza en el portal de la Secretar\u00eda de Relaciones Exteriores estudi\u00f3 en la Universidad Nacional Aut\u00f3noma de M\u00e9xico, adem\u00e1s de fungir como legislador local de Oaxaca entre 2018 y 2021, entre otros cargos de la administraci\u00f3n p\u00fablica.<\/p>\n","protected":false},"excerpt":{"rendered":"<p>Lisbeth Mej\u00eda Reyes\/Zona Roja.&nbsp; Oaxaca, Oax., a 11 de junio de 2025.- P\u00e1vel Mel\u00e9ndez Cruz,&hellip;<\/p>\n","protected":false},"author":2,"featured_media":81251,"comment_status":"closed","ping_status":"open","sticky":false,"template":"","format":"standard","meta":{"_lmt_disableupdate":"","_lmt_disable":"","_jetpack_memberships_contains_paid_content":false,"footnotes":""},"categories":[109,46],"tags":[4333],"class_list":["post-81250","post","type-post","status-publish","format-standard","has-post-thumbnail","hentry","category-minuto-a-minuto","category-zona-blanca","tag-pavel-melendez-cruz"],"jetpack_featured_media_url":"https:\/\/zonaroja.com.mx\/wp-content\/uploads\/2025\/06\/Denuncia-Pavel-Melendez.jpg","jetpack_sharing_enabled":true,"_links":{"self":[{"href":"https:\/\/zonaroja.com.mx\/index.php?rest_route=\/wp\/v2\/posts\/81250","targetHints":{"allow":["GET"]}}],"collection":[{"href":"https:\/\/zonaroja.com.mx\/index.php?rest_route=\/wp\/v2\/posts"}],"about":[{"href":"https:\/\/zonaroja.com.mx\/index.php?rest_route=\/wp\/v2\/types\/post"}],"author":[{"embeddable":true,"href":"https:\/\/zonaroja.com.mx\/index.php?rest_route=\/wp\/v2\/users\/2"}],"replies":[{"embeddable":true,"href":"https:\/\/zonaroja.com.mx\/index.php?rest_route=%2Fwp%2Fv2%2Fcomments&post=81250"}],"version-history":[{"count":1,"href":"https:\/\/zonaroja.com.mx\/index.php?rest_route=\/wp\/v2\/posts\/81250\/revisions"}],"predecessor-version":[{"id":81252,"href":"https:\/\/zonaroja.com.mx\/index.php?rest_route=\/wp\/v2\/posts\/81250\/revisions\/81252"}],"wp:featuredmedia":[{"embeddable":true,"href":"https:\/\/zonaroja.com.mx\/index.php?rest_route=\/wp\/v2\/media\/81251"}],"wp:attachment":[{"href":"https:\/\/zonaroja.com.mx\/index.php?rest_route=%2Fwp%2Fv2%2Fmedia&parent=81250"}],"wp:term":[{"taxonomy":"category","embeddable":true,"href":"https:\/\/zonaroja.com.mx\/index.php?rest_route=%2Fwp%2Fv2%2Fcategories&post=81250"},{"taxonomy":"post_tag","embeddable":true,"href":"https:\/\/zonaroja.com.mx\/index.php?rest_route=%2Fwp%2Fv2%2Ftags&post=81250"}],"curies":[{"name":"wp","href":"https:\/\/api.w.org\/{rel}","templated":true}]}}