{"id":8126,"date":"2020-01-27T22:06:26","date_gmt":"2020-01-28T04:06:26","guid":{"rendered":"http:\/\/www.zonaroja.com.mx\/?p=8126"},"modified":"2020-01-27T22:06:34","modified_gmt":"2020-01-28T04:06:34","slug":"enesimo-feminicidio-en-oaxaca-ejecutan-a-mujer-en-tuxtepec","status":"publish","type":"post","link":"https:\/\/zonaroja.com.mx\/?p=8126","title":{"rendered":"En\u00e9simo feminicidio en Oaxaca; ejecutan a mujer en Tuxtepec"},"content":{"rendered":"\n<p>Redacci\u00f3n\/Zona Roja.<\/p>\n\n\n\n<p>Oaxaca de Ju\u00e1rez, Oax., 27 de enero de\n2020.- Mientras la titular de la Secretar\u00eda de las Mujeres Oaxaque\u00f1as (SMO)\ncomparec\u00eda en el Congreso del Estado, un en\u00e9simo feminicidio se registr\u00f3 en\nOaxaca.<\/p>\n\n\n\n<p>Con varios disparos de arma de fuego\nfue asesinada una mujer la tarde de este lubes en San Juan Bautista Tuxtepec;\nes la segunda v\u00edctima de este d\u00eda y el crimen n\u00famero 16 en 27 d\u00edas de este a\u00f1o.<\/p>\n\n\n\n<p>Fue en el interior de un bar de la\ncalle Emiliano Zapata del ejido San Bartolo de dicho municipio de la regi\u00f3n\nCuenca en que fue ultimada una femenina, identificada posteriormente como Ana\nMar\u00eda F., de 44 a\u00f1os de edad.<\/p>\n\n\n\n<p>Sujetos armados ingresaron al\nestablecimiento y dispararon directamente en contra de ella, tras lo cual se\ndieron a la fuga.<\/p>\n\n\n\n<p>Por la ma\u00f1ana de este lunes y de visita en Oaxaca, el secretario de Seguridad federal, Alfonso Durazo, minimiz\u00f3 los hechos de violencia en la Cuenca, en particular en Tuxtepec, y dijo que se estaba trabajando coordinadamente para disminuir los hechos delictivos.<\/p>\n\n\n\n<figure class=\"wp-block-image\"><img decoding=\"async\" width=\"1024\" height=\"498\" src=\"http:\/\/www.zonaroja.com.mx\/wp-content\/uploads\/2020\/01\/Ejecutada-Tuxtepec-1024x498.jpg\" alt=\"\" class=\"wp-image-8127\" srcset=\"https:\/\/zonaroja.com.mx\/wp-content\/uploads\/2020\/01\/Ejecutada-Tuxtepec-1024x498.jpg 1024w, https:\/\/zonaroja.com.mx\/wp-content\/uploads\/2020\/01\/Ejecutada-Tuxtepec-300x146.jpg 300w, https:\/\/zonaroja.com.mx\/wp-content\/uploads\/2020\/01\/Ejecutada-Tuxtepec-768x373.jpg 768w, https:\/\/zonaroja.com.mx\/wp-content\/uploads\/2020\/01\/Ejecutada-Tuxtepec-1170x569.jpg 1170w, https:\/\/zonaroja.com.mx\/wp-content\/uploads\/2020\/01\/Ejecutada-Tuxtepec-585x284.jpg 585w, https:\/\/zonaroja.com.mx\/wp-content\/uploads\/2020\/01\/Ejecutada-Tuxtepec.jpg 1280w\" sizes=\"(max-width: 1024px) 100vw, 1024px\" \/><\/figure>\n","protected":false},"excerpt":{"rendered":"<p>Redacci\u00f3n\/Zona Roja. Oaxaca de Ju\u00e1rez, Oax., 27 de enero de 2020.- Mientras la titular de&hellip;<\/p>\n","protected":false},"author":2,"featured_media":8128,"comment_status":"closed","ping_status":"open","sticky":false,"template":"","format":"standard","meta":{"_lmt_disableupdate":"","_lmt_disable":"","_jetpack_memberships_contains_paid_content":false,"footnotes":""},"categories":[109,51],"tags":[610,118],"class_list":["post-8126","post","type-post","status-publish","format-standard","has-post-thumbnail","hentry","category-minuto-a-minuto","category-zona-roja","tag-feminicidios-oaxaca","tag-san-juan-bautista-tuxtepec"],"jetpack_featured_media_url":"https:\/\/zonaroja.com.mx\/wp-content\/uploads\/2020\/01\/Ejecutada-Tuxtepec2.jpg","jetpack_sharing_enabled":true,"_links":{"self":[{"href":"https:\/\/zonaroja.com.mx\/index.php?rest_route=\/wp\/v2\/posts\/8126","targetHints":{"allow":["GET"]}}],"collection":[{"href":"https:\/\/zonaroja.com.mx\/index.php?rest_route=\/wp\/v2\/posts"}],"about":[{"href":"https:\/\/zonaroja.com.mx\/index.php?rest_route=\/wp\/v2\/types\/post"}],"author":[{"embeddable":true,"href":"https:\/\/zonaroja.com.mx\/index.php?rest_route=\/wp\/v2\/users\/2"}],"replies":[{"embeddable":true,"href":"https:\/\/zonaroja.com.mx\/index.php?rest_route=%2Fwp%2Fv2%2Fcomments&post=8126"}],"version-history":[{"count":1,"href":"https:\/\/zonaroja.com.mx\/index.php?rest_route=\/wp\/v2\/posts\/8126\/revisions"}],"predecessor-version":[{"id":8129,"href":"https:\/\/zonaroja.com.mx\/index.php?rest_route=\/wp\/v2\/posts\/8126\/revisions\/8129"}],"wp:featuredmedia":[{"embeddable":true,"href":"https:\/\/zonaroja.com.mx\/index.php?rest_route=\/wp\/v2\/media\/8128"}],"wp:attachment":[{"href":"https:\/\/zonaroja.com.mx\/index.php?rest_route=%2Fwp%2Fv2%2Fmedia&parent=8126"}],"wp:term":[{"taxonomy":"category","embeddable":true,"href":"https:\/\/zonaroja.com.mx\/index.php?rest_route=%2Fwp%2Fv2%2Fcategories&post=8126"},{"taxonomy":"post_tag","embeddable":true,"href":"https:\/\/zonaroja.com.mx\/index.php?rest_route=%2Fwp%2Fv2%2Ftags&post=8126"}],"curies":[{"name":"wp","href":"https:\/\/api.w.org\/{rel}","templated":true}]}}