{"id":81261,"date":"2025-06-12T06:33:57","date_gmt":"2025-06-12T12:33:57","guid":{"rendered":"https:\/\/zonaroja.com.mx\/?p=81261"},"modified":"2025-06-12T06:34:00","modified_gmt":"2025-06-12T12:34:00","slug":"sheinbaum-recibe-a-subsecretario-de-estado-de-eu-alistan-visita-de-rubio-a-mexico","status":"publish","type":"post","link":"https:\/\/zonaroja.com.mx\/?p=81261","title":{"rendered":"Sheinbaum recibe a subsecretario de Estado de EU; alistan visita de Rubio a M\u00e9xico"},"content":{"rendered":"\n<p>Redacci\u00f3n\/Zona Roja Cdmx.<\/p>\n\n\n\n<p>Ciudad de M\u00e9xico, a 12 de junio de 2025.- La presidenta Claudia Sheinbaum recibi\u00f3 la ma\u00f1ana de este mi\u00e9rcoles a Christopher Landau, subsecretario de Estado de los Estados Unidos, con quien ya prepara la visita de Marco Rubio a M\u00e9xico.<\/p>\n\n\n\n<p>El funcionario estadounidense lleg\u00f3 a Palacio Nacional minutos antes de las 10:00 horas para reunirse con la presidenta de M\u00e9xico. Es su primera escala de una gira que incluye a El Salvador y Guatemala.<\/p>\n\n\n\n<p>En sus redes sociales, la presidenta Sheinbaum comparti\u00f3 im\u00e1genes del encuentro y coment\u00f3 que se tocaron varios temas de la relaci\u00f3n bilateral.<\/p>\n\n\n\n<p>En la reuni\u00f3n tambi\u00e9n participaron el secretario de Relaciones Exteriores, Juan Ram\u00f3n de la Fuente, y el jefe de la Unidad para Am\u00e9rica del Norte, Roberto Velasco.<\/p>\n\n\n\n<p>En su ma\u00f1anera, la presidenta aclar\u00f3 que no hab\u00eda agenda para la reuni\u00f3n con Landau, sin embargo, en esencia, explic\u00f3, preparan la visita de Rubio a M\u00e9xico.<\/p>\n\n\n\n<p>El encuentro entre la presidenta Sheinbaum y el funcionario estadounidense se da en medio de una tensi\u00f3n entre EU y M\u00e9xico por Kristi Noem, secretaria de Seguridad Nacional de ese pa\u00eds, quien se\u00f1al\u00f3 a la presidenta de M\u00e9xico de convocar a la violencia en las movilizaciones en contra de las redadas.<\/p>\n\n\n\n<p>Christopher Landau volvi\u00f3 a M\u00e9xico, pero ahora como subsecretario de Estado y no como embajador de Estados Unidos.<\/p>\n\n\n\n<p>Esta fue la primera escala de una gira de trabajo que incluye visitas a El Salvador y Guatemala.<\/p>\n\n\n\n<p>(Informaci\u00f3n de \u201cExpansi\u00f3n Pol\u00edtica\u201d)<\/p>\n","protected":false},"excerpt":{"rendered":"<p>Redacci\u00f3n\/Zona Roja Cdmx. Ciudad de M\u00e9xico, a 12 de junio de 2025.- La presidenta Claudia&hellip;<\/p>\n","protected":false},"author":2,"featured_media":81262,"comment_status":"closed","ping_status":"open","sticky":false,"template":"","format":"standard","meta":{"_lmt_disableupdate":"","_lmt_disable":"","_jetpack_memberships_contains_paid_content":false,"footnotes":""},"categories":[109,46],"tags":[3370],"class_list":["post-81261","post","type-post","status-publish","format-standard","has-post-thumbnail","hentry","category-minuto-a-minuto","category-zona-blanca","tag-claudia-sheinbaum"],"jetpack_featured_media_url":"https:\/\/zonaroja.com.mx\/wp-content\/uploads\/2025\/06\/Claudia-Sheinbaum-recibe-a-Landau.webp","jetpack_sharing_enabled":true,"_links":{"self":[{"href":"https:\/\/zonaroja.com.mx\/index.php?rest_route=\/wp\/v2\/posts\/81261","targetHints":{"allow":["GET"]}}],"collection":[{"href":"https:\/\/zonaroja.com.mx\/index.php?rest_route=\/wp\/v2\/posts"}],"about":[{"href":"https:\/\/zonaroja.com.mx\/index.php?rest_route=\/wp\/v2\/types\/post"}],"author":[{"embeddable":true,"href":"https:\/\/zonaroja.com.mx\/index.php?rest_route=\/wp\/v2\/users\/2"}],"replies":[{"embeddable":true,"href":"https:\/\/zonaroja.com.mx\/index.php?rest_route=%2Fwp%2Fv2%2Fcomments&post=81261"}],"version-history":[{"count":1,"href":"https:\/\/zonaroja.com.mx\/index.php?rest_route=\/wp\/v2\/posts\/81261\/revisions"}],"predecessor-version":[{"id":81263,"href":"https:\/\/zonaroja.com.mx\/index.php?rest_route=\/wp\/v2\/posts\/81261\/revisions\/81263"}],"wp:featuredmedia":[{"embeddable":true,"href":"https:\/\/zonaroja.com.mx\/index.php?rest_route=\/wp\/v2\/media\/81262"}],"wp:attachment":[{"href":"https:\/\/zonaroja.com.mx\/index.php?rest_route=%2Fwp%2Fv2%2Fmedia&parent=81261"}],"wp:term":[{"taxonomy":"category","embeddable":true,"href":"https:\/\/zonaroja.com.mx\/index.php?rest_route=%2Fwp%2Fv2%2Fcategories&post=81261"},{"taxonomy":"post_tag","embeddable":true,"href":"https:\/\/zonaroja.com.mx\/index.php?rest_route=%2Fwp%2Fv2%2Ftags&post=81261"}],"curies":[{"name":"wp","href":"https:\/\/api.w.org\/{rel}","templated":true}]}}