{"id":81264,"date":"2025-06-12T06:54:32","date_gmt":"2025-06-12T12:54:32","guid":{"rendered":"https:\/\/zonaroja.com.mx\/?p=81264"},"modified":"2025-06-12T06:54:34","modified_gmt":"2025-06-12T12:54:34","slug":"rehabilitan-calles-y-parques-de-la-capital-de-oaxaca","status":"publish","type":"post","link":"https:\/\/zonaroja.com.mx\/?p=81264","title":{"rendered":"Rehabilitan calles y parques de la capital de Oaxaca"},"content":{"rendered":"\n<p>Redacci\u00f3n\/Zona Roja.<\/p>\n\n\n\n<p>Oaxaca, Oax., a 12 de junio de 2025.- El ayuntamiento de Oaxaca de Ju\u00e1rez, que preside Ray Chagoya, intensifica los trabajos orientados a mejorar la infraestructura urbana y conservar el entorno hist\u00f3rico de la capital.<\/p>\n\n\n\n<p>A trav\u00e9s de la Secretar\u00eda de Obras P\u00fablicas, se realizan obras de rehabilitaci\u00f3n de rampas para personas con discapacidad en el Paseo Ju\u00e1rez El Llano, un espacio emblem\u00e1tico y de gran afluencia.&nbsp;<\/p>\n\n\n\n<p>Esta acci\u00f3n forma parte del compromiso municipal por garantizar una ciudad m\u00e1s incluyente y accesible para todas y todos.<\/p>\n\n\n\n<p>Como parte del mantenimiento del Centro Hist\u00f3rico, la cuadrilla m\u00f3vil efectu\u00f3 labores de limpieza y retiro de grafiti en distintos puntos del primer cuadro de la ciudad. Estas intervenciones buscan preservar el valor est\u00e9tico y patrimonial de la zona, as\u00ed como fortalecer la percepci\u00f3n de seguridad y orden.<\/p>\n\n\n\n<p>Tambi\u00e9n se realizaron trabajos de pintura y mejora en las escaleras del cerro del \u201cFort\u00edn\u201d, sumando esfuerzos para dignificar espacios de uso cotidiano y de inter\u00e9s tur\u00edstico.<\/p>\n\n\n\n<p>Con estas acciones, el ayuntamiento refrenda su voluntad de construir una ciudad ordenada, segura y pensada para el bienestar colectivo.<\/p>\n","protected":false},"excerpt":{"rendered":"<p>Redacci\u00f3n\/Zona Roja. Oaxaca, Oax., a 12 de junio de 2025.- El ayuntamiento de Oaxaca de&hellip;<\/p>\n","protected":false},"author":2,"featured_media":81265,"comment_status":"closed","ping_status":"open","sticky":false,"template":"","format":"standard","meta":{"_lmt_disableupdate":"","_lmt_disable":"","_jetpack_memberships_contains_paid_content":false,"footnotes":""},"categories":[109,46],"tags":[148],"class_list":["post-81264","post","type-post","status-publish","format-standard","has-post-thumbnail","hentry","category-minuto-a-minuto","category-zona-blanca","tag-oaxaca-de-juarez"],"jetpack_featured_media_url":"https:\/\/zonaroja.com.mx\/wp-content\/uploads\/2025\/06\/Rehabilitacion-calles-ciudad-de-Oaxaca.jpg","jetpack_sharing_enabled":true,"_links":{"self":[{"href":"https:\/\/zonaroja.com.mx\/index.php?rest_route=\/wp\/v2\/posts\/81264","targetHints":{"allow":["GET"]}}],"collection":[{"href":"https:\/\/zonaroja.com.mx\/index.php?rest_route=\/wp\/v2\/posts"}],"about":[{"href":"https:\/\/zonaroja.com.mx\/index.php?rest_route=\/wp\/v2\/types\/post"}],"author":[{"embeddable":true,"href":"https:\/\/zonaroja.com.mx\/index.php?rest_route=\/wp\/v2\/users\/2"}],"replies":[{"embeddable":true,"href":"https:\/\/zonaroja.com.mx\/index.php?rest_route=%2Fwp%2Fv2%2Fcomments&post=81264"}],"version-history":[{"count":1,"href":"https:\/\/zonaroja.com.mx\/index.php?rest_route=\/wp\/v2\/posts\/81264\/revisions"}],"predecessor-version":[{"id":81266,"href":"https:\/\/zonaroja.com.mx\/index.php?rest_route=\/wp\/v2\/posts\/81264\/revisions\/81266"}],"wp:featuredmedia":[{"embeddable":true,"href":"https:\/\/zonaroja.com.mx\/index.php?rest_route=\/wp\/v2\/media\/81265"}],"wp:attachment":[{"href":"https:\/\/zonaroja.com.mx\/index.php?rest_route=%2Fwp%2Fv2%2Fmedia&parent=81264"}],"wp:term":[{"taxonomy":"category","embeddable":true,"href":"https:\/\/zonaroja.com.mx\/index.php?rest_route=%2Fwp%2Fv2%2Fcategories&post=81264"},{"taxonomy":"post_tag","embeddable":true,"href":"https:\/\/zonaroja.com.mx\/index.php?rest_route=%2Fwp%2Fv2%2Ftags&post=81264"}],"curies":[{"name":"wp","href":"https:\/\/api.w.org\/{rel}","templated":true}]}}