{"id":81267,"date":"2025-06-12T09:22:00","date_gmt":"2025-06-12T15:22:00","guid":{"rendered":"https:\/\/zonaroja.com.mx\/?p=81267"},"modified":"2025-06-12T07:27:33","modified_gmt":"2025-06-12T13:27:33","slug":"suman-tres-personas-asesinadas-en-san-gabriel-mixtepec-oaxaca","status":"publish","type":"post","link":"https:\/\/zonaroja.com.mx\/?p=81267","title":{"rendered":"Suman tres personas asesinadas en San Gabriel Mixtepec, Oaxaca"},"content":{"rendered":"\n<p>Raymundo Morales\/Zona Roja.<\/p>\n\n\n\n<p>Oaxaca, Oax., a 12 de junio de 2025.- Al menos tres personas fueron asesinadas en dos d\u00edas, en San Gabriel Mixtepec, municipio de la regi\u00f3n Costa del estado de Oaxaca.<\/p>\n\n\n\n<p>El pasado martes fueron localizados dos cuerpos sin vida, en el camino de terracer\u00eda a las rancher\u00edas Las Acacias y Cacalote, con varios impactos de arma de fuego; a un lado se hall\u00f3 un mototaxi.<\/p>\n\n\n\n<p>Las v\u00edctimas fueron identificadas de manera preliminar como Delfino P. P., de 44 a\u00f1os de edad, y Humberto Adalid M. F., de 32 a\u00f1os.<\/p>\n\n\n\n<p>Personal de investigaci\u00f3n y pericial de la Fiscal\u00eda General del Estado, a trav\u00e9s de la Vicefiscal\u00eda Regional de la Costa, acudi\u00f3 a la zona a efectuar las primeras indagatorias; a\u00fan se desconocen las causas del doble homicidio.<\/p>\n\n\n\n<p>Por otra parte, el lunes fue hallado otro cuerpo sin vida, tambi\u00e9n con lesiones producidas por impactos de arma de fuego, en el camino de terracer\u00eda a la localidad de Huanacaxtle.<\/p>\n\n\n\n<p>Tambi\u00e9n en la zona se hall\u00f3 un mototaxi y el hoy occiso fue identificado como Gaspar V. V., de 37 a\u00f1os de edad y hab\u00eda sido reportado como desaparecido desde el pasado domingo.<\/p>\n","protected":false},"excerpt":{"rendered":"<p>Raymundo Morales\/Zona Roja. Oaxaca, Oax., a 12 de junio de 2025.- Al menos tres personas&hellip;<\/p>\n","protected":false},"author":2,"featured_media":81268,"comment_status":"closed","ping_status":"open","sticky":false,"template":"","format":"standard","meta":{"_lmt_disableupdate":"","_lmt_disable":"","_jetpack_memberships_contains_paid_content":false,"footnotes":""},"categories":[109,51],"tags":[1270],"class_list":["post-81267","post","type-post","status-publish","format-standard","has-post-thumbnail","hentry","category-minuto-a-minuto","category-zona-roja","tag-san-gabriel-mixtepec"],"jetpack_featured_media_url":"https:\/\/zonaroja.com.mx\/wp-content\/uploads\/2025\/06\/Asesinado-San-Gabriel-Mixtepec.jpg","jetpack_sharing_enabled":true,"_links":{"self":[{"href":"https:\/\/zonaroja.com.mx\/index.php?rest_route=\/wp\/v2\/posts\/81267","targetHints":{"allow":["GET"]}}],"collection":[{"href":"https:\/\/zonaroja.com.mx\/index.php?rest_route=\/wp\/v2\/posts"}],"about":[{"href":"https:\/\/zonaroja.com.mx\/index.php?rest_route=\/wp\/v2\/types\/post"}],"author":[{"embeddable":true,"href":"https:\/\/zonaroja.com.mx\/index.php?rest_route=\/wp\/v2\/users\/2"}],"replies":[{"embeddable":true,"href":"https:\/\/zonaroja.com.mx\/index.php?rest_route=%2Fwp%2Fv2%2Fcomments&post=81267"}],"version-history":[{"count":1,"href":"https:\/\/zonaroja.com.mx\/index.php?rest_route=\/wp\/v2\/posts\/81267\/revisions"}],"predecessor-version":[{"id":81269,"href":"https:\/\/zonaroja.com.mx\/index.php?rest_route=\/wp\/v2\/posts\/81267\/revisions\/81269"}],"wp:featuredmedia":[{"embeddable":true,"href":"https:\/\/zonaroja.com.mx\/index.php?rest_route=\/wp\/v2\/media\/81268"}],"wp:attachment":[{"href":"https:\/\/zonaroja.com.mx\/index.php?rest_route=%2Fwp%2Fv2%2Fmedia&parent=81267"}],"wp:term":[{"taxonomy":"category","embeddable":true,"href":"https:\/\/zonaroja.com.mx\/index.php?rest_route=%2Fwp%2Fv2%2Fcategories&post=81267"},{"taxonomy":"post_tag","embeddable":true,"href":"https:\/\/zonaroja.com.mx\/index.php?rest_route=%2Fwp%2Fv2%2Ftags&post=81267"}],"curies":[{"name":"wp","href":"https:\/\/api.w.org\/{rel}","templated":true}]}}