{"id":81279,"date":"2025-06-12T12:07:00","date_gmt":"2025-06-12T18:07:00","guid":{"rendered":"https:\/\/zonaroja.com.mx\/?p=81279"},"modified":"2025-06-12T15:48:33","modified_gmt":"2025-06-12T21:48:33","slug":"asesinan-a-una-mujer-en-zona-mixe-golpean-a-otra-en-el-istmo","status":"publish","type":"post","link":"https:\/\/zonaroja.com.mx\/?p=81279","title":{"rendered":"Asesinan a una mujer en zona Mixe; golpean a otra en el Istmo"},"content":{"rendered":"\n<p>Raymundo Morales\/Zona Roja.<\/p>\n\n\n\n<p>Oaxaca, Oax., a 12 de junio de 2025.- Personas desconocidas atacaron ayer a balazos un veh\u00edculo de motor en San Pedro y San Pablo Ayutla Mixe.<\/p>\n\n\n\n<p>El saldo preliminar es de una persona del sexo femenino fallecida, cuya identidad fue revelada como M\u00f3nica R. D., de 32 a\u00f1os de edad. <\/p>\n\n\n\n<p>El ataque armado ocurri\u00f3 en inmediaciones de La Laguna de Ayutla, donde fue hallado anoche un veh\u00edculo compacto con m\u00e1s de 10 impactos de arma de fuego.<\/p>\n\n\n\n<p>Hasta el momento no hay informaci\u00f3n oficial al respecto.<\/p>\n\n\n\n<p>Por otra parte, tambi\u00e9n ayer pero en el municipio de Salina Cruz, un individuo, presuntamente alcoholizado, golpe\u00f3 a su hija.<\/p>\n\n\n\n<p>Fue en la colonia Linda Vista, donde las dos personas discut\u00edan tras lo cual el var\u00f3n agredi\u00f3 con un machete a la femenina, tras lo cual huy\u00f3; la joven fue trasladada a un hospital, donde convalece.<\/p>\n","protected":false},"excerpt":{"rendered":"<p>Raymundo Morales\/Zona Roja. Oaxaca, Oax., a 12 de junio de 2025.- Personas desconocidas atacaron ayer&hellip;<\/p>\n","protected":false},"author":2,"featured_media":81280,"comment_status":"closed","ping_status":"open","sticky":false,"template":"","format":"standard","meta":{"_lmt_disableupdate":"","_lmt_disable":"","_jetpack_memberships_contains_paid_content":false,"footnotes":""},"categories":[109,51],"tags":[1147],"class_list":["post-81279","post","type-post","status-publish","format-standard","has-post-thumbnail","hentry","category-minuto-a-minuto","category-zona-roja","tag-san-pedro-y-san-pablo-ayutla"],"jetpack_featured_media_url":"https:\/\/zonaroja.com.mx\/wp-content\/uploads\/2025\/06\/Ataque-armado-Ayutla-Mixe.jpg","jetpack_sharing_enabled":true,"_links":{"self":[{"href":"https:\/\/zonaroja.com.mx\/index.php?rest_route=\/wp\/v2\/posts\/81279","targetHints":{"allow":["GET"]}}],"collection":[{"href":"https:\/\/zonaroja.com.mx\/index.php?rest_route=\/wp\/v2\/posts"}],"about":[{"href":"https:\/\/zonaroja.com.mx\/index.php?rest_route=\/wp\/v2\/types\/post"}],"author":[{"embeddable":true,"href":"https:\/\/zonaroja.com.mx\/index.php?rest_route=\/wp\/v2\/users\/2"}],"replies":[{"embeddable":true,"href":"https:\/\/zonaroja.com.mx\/index.php?rest_route=%2Fwp%2Fv2%2Fcomments&post=81279"}],"version-history":[{"count":2,"href":"https:\/\/zonaroja.com.mx\/index.php?rest_route=\/wp\/v2\/posts\/81279\/revisions"}],"predecessor-version":[{"id":81284,"href":"https:\/\/zonaroja.com.mx\/index.php?rest_route=\/wp\/v2\/posts\/81279\/revisions\/81284"}],"wp:featuredmedia":[{"embeddable":true,"href":"https:\/\/zonaroja.com.mx\/index.php?rest_route=\/wp\/v2\/media\/81280"}],"wp:attachment":[{"href":"https:\/\/zonaroja.com.mx\/index.php?rest_route=%2Fwp%2Fv2%2Fmedia&parent=81279"}],"wp:term":[{"taxonomy":"category","embeddable":true,"href":"https:\/\/zonaroja.com.mx\/index.php?rest_route=%2Fwp%2Fv2%2Fcategories&post=81279"},{"taxonomy":"post_tag","embeddable":true,"href":"https:\/\/zonaroja.com.mx\/index.php?rest_route=%2Fwp%2Fv2%2Ftags&post=81279"}],"curies":[{"name":"wp","href":"https:\/\/api.w.org\/{rel}","templated":true}]}}