{"id":81282,"date":"2025-06-12T13:18:00","date_gmt":"2025-06-12T19:18:00","guid":{"rendered":"https:\/\/zonaroja.com.mx\/?p=81282"},"modified":"2025-06-12T08:19:19","modified_gmt":"2025-06-12T14:19:19","slug":"presentan-reforma-para-eliminar-uso-de-toga-en-la-suprema-corte","status":"publish","type":"post","link":"https:\/\/zonaroja.com.mx\/?p=81282","title":{"rendered":"Presentan reforma para eliminar uso de toga en la Suprema Corte"},"content":{"rendered":"\n<p>Redacci\u00f3n\/Zona Roja Cdmx.<\/p>\n\n\n\n<p>Ciudad de M\u00e9xico, a 12 de junio de 2025.- Senadores oaxaque\u00f1os del partido Morena presentaron ante la Comisi\u00f3n Permanente una iniciativa de reformas para acabar con el uso obligatorio de la toga en las audiencias de la Suprema Corte de Justicia de la Naci\u00f3n (SCJN), al argumentar que la nueva \u00e9poca del m\u00e1ximo tribunal debe comenzar sin los s\u00edmbolos de lejan\u00eda y elitismo que lo caracterizaron.<\/p>\n\n\n\n<p>En la iniciativa, impulsada por el senador Morales Toledo, se propone cambiar el art\u00edculo 4 de la Ley Org\u00e1nica del Poder Judicial, seg\u00fan el cual hoy las y los ministros deben usar togas de seda negra, seg\u00fan el decreto emitido hace 84 a\u00f1os.<\/p>\n\n\n\n<p>La reforma plantea que las ministras y los ministros de la Suprema Corte de Justicia de la Naci\u00f3n, \u201ccuando concurran a las audiencias, vestir\u00e1n de manera formal o tradicional, acorde con sus or\u00edgenes, costumbres y preferencias\u201d.<\/p>\n\n\n\n<p>El senador Morales Toledo subray\u00f3 el resultado hist\u00f3rico de la elecci\u00f3n del pasado 2 de junio, cuando result\u00f3 electo por mayor\u00eda de votos un ministro de origen ind\u00edgena, al sostener que en esta nueva etapa de la justicia en M\u00e9xico sus integrantes, \u201cdeben vestir la indumentaria de nuestra gente, la gente sencilla, la gente trabajadora del campo y de la ciudad, la gente de nuestro pueblo\u201d.<\/p>\n\n\n\n<p>\u201cLa Suprema Corte inicia un nuevo tiempo, una nueva \u00e9poca judicial y la inminente llegada a la Presidencia de nuestro m\u00e1ximo tribunal de un jurista ind\u00edgena, oaxaque\u00f1o, representa un avance hist\u00f3rico y la oportunidad de que el pluralismo jur\u00eddico contribuya a reposicionar y dotar de vigencia plena a los derechos de nuestros pueblos y comunidades ind\u00edgenas\u201d.<\/p>\n\n\n\n<p>Se destaca en la iniciativa que el pueblo decidi\u00f3 elegir a las ministras y ministros integrantes del pleno de la Suprema Corte y a las nuevas personas juzgadoras, que no solo deben ser percibidas como cercanas a la gente, sino con una convicci\u00f3n jurisdiccional que debe estar en sinton\u00eda para atender y resolver el fondo, el origen de las injusticias hist\u00f3ricas del pueblo de M\u00e9xico.<\/p>\n\n\n\n<p>En ese contexto de cambio social, cultural, pol\u00edtico, \u201cla toga y el birrete son s\u00edmbolos de lejan\u00eda y elitismo, los cuales ya no son acordes con los tiempos de transformaci\u00f3n actual\u201d.<\/p>\n\n\n\n<p>En ese sentido remarc\u00f3 que la toga judicial es un s\u00edmbolo de la justicia de antes, la de los privilegios, una indumentaria que no respondi\u00f3 a los intereses del pueblo y, por lo tanto, no corresponde con los nuevos anhelos de la justicia puesto que se le identifica con la justicia del neoliberalismo, la de la \u00e9lite, por lo que debe dejar de usarse en el m\u00e1s alto tribunal de la naci\u00f3n.<\/p>\n\n\n\n<p>La propuesta es impulsada tambi\u00e9n por los senadores Laura Estrada Mauro y Luis Alfonso Silva Romo.<\/p>\n","protected":false},"excerpt":{"rendered":"<p>Redacci\u00f3n\/Zona Roja Cdmx. Ciudad de M\u00e9xico, a 12 de junio de 2025.- Senadores oaxaque\u00f1os del&hellip;<\/p>\n","protected":false},"author":2,"featured_media":78557,"comment_status":"closed","ping_status":"open","sticky":false,"template":"","format":"standard","meta":{"_lmt_disableupdate":"","_lmt_disable":"","_jetpack_memberships_contains_paid_content":false,"footnotes":""},"categories":[109,46],"tags":[180],"class_list":["post-81282","post","type-post","status-publish","format-standard","has-post-thumbnail","hentry","category-minuto-a-minuto","category-zona-blanca","tag-antonino-morales-toledo"],"jetpack_featured_media_url":"https:\/\/zonaroja.com.mx\/wp-content\/uploads\/2025\/03\/Antonino-Morales-Toledo.jpeg","jetpack_sharing_enabled":true,"_links":{"self":[{"href":"https:\/\/zonaroja.com.mx\/index.php?rest_route=\/wp\/v2\/posts\/81282","targetHints":{"allow":["GET"]}}],"collection":[{"href":"https:\/\/zonaroja.com.mx\/index.php?rest_route=\/wp\/v2\/posts"}],"about":[{"href":"https:\/\/zonaroja.com.mx\/index.php?rest_route=\/wp\/v2\/types\/post"}],"author":[{"embeddable":true,"href":"https:\/\/zonaroja.com.mx\/index.php?rest_route=\/wp\/v2\/users\/2"}],"replies":[{"embeddable":true,"href":"https:\/\/zonaroja.com.mx\/index.php?rest_route=%2Fwp%2Fv2%2Fcomments&post=81282"}],"version-history":[{"count":1,"href":"https:\/\/zonaroja.com.mx\/index.php?rest_route=\/wp\/v2\/posts\/81282\/revisions"}],"predecessor-version":[{"id":81283,"href":"https:\/\/zonaroja.com.mx\/index.php?rest_route=\/wp\/v2\/posts\/81282\/revisions\/81283"}],"wp:featuredmedia":[{"embeddable":true,"href":"https:\/\/zonaroja.com.mx\/index.php?rest_route=\/wp\/v2\/media\/78557"}],"wp:attachment":[{"href":"https:\/\/zonaroja.com.mx\/index.php?rest_route=%2Fwp%2Fv2%2Fmedia&parent=81282"}],"wp:term":[{"taxonomy":"category","embeddable":true,"href":"https:\/\/zonaroja.com.mx\/index.php?rest_route=%2Fwp%2Fv2%2Fcategories&post=81282"},{"taxonomy":"post_tag","embeddable":true,"href":"https:\/\/zonaroja.com.mx\/index.php?rest_route=%2Fwp%2Fv2%2Ftags&post=81282"}],"curies":[{"name":"wp","href":"https:\/\/api.w.org\/{rel}","templated":true}]}}