{"id":81285,"date":"2025-06-12T17:36:22","date_gmt":"2025-06-12T23:36:22","guid":{"rendered":"https:\/\/zonaroja.com.mx\/?p=81285"},"modified":"2025-06-12T17:36:23","modified_gmt":"2025-06-12T23:36:23","slug":"presiona-eu-a-mexico-para-extraditar-a-narcopoliticos-segun-reuters","status":"publish","type":"post","link":"https:\/\/zonaroja.com.mx\/?p=81285","title":{"rendered":"Presiona EU a M\u00e9xico para extraditar a \u2018narcopol\u00edticos\u2019, seg\u00fan Reuters"},"content":{"rendered":"\n<p>Redacci\u00f3n\/Zona Roja Cdmx.<\/p>\n\n\n\n<p>Ciudad de M\u00e9xico, a 12 de junio de 2025.- La relaci\u00f3n entre M\u00e9xico y Estados Unidos atraviesa un nuevo panorama por la llegada de Donald Trump a la Presidencia del pa\u00eds vecino.<\/p>\n\n\n\n<p>Uno de los puntos \u00e1lgidos en la relaci\u00f3n es la estrategia de Trump para combatir el crimen organizado, donde el gobierno de EUA buscar\u00eda \u201ccastigar\u201d a pol\u00edticos mexicanos con presuntos nexos con los c\u00e1rteles.<\/p>\n\n\n\n<p>De acuerdo con Reuters, las autoridades estadounidenses estar\u00edan pensando en medidas a\u00fan m\u00e1s extremas como una manera de \u201cpresionar\u201d al gobierno de Claudia Sheinbaum para proceder contra pol\u00edticos con supuestos v\u00ednculos con grupos delictivos.<\/p>\n\n\n\n<p>Seg\u00fan la agencia, que cita a cuatro personas involucradas en las reuniones entre funcionarios de ambos pa\u00edses, en al menos tres ocasiones, el secretario de Estado de EUA, Marco Rubio, solicit\u00f3 a la administraci\u00f3n de Sheinbaum investigar a pol\u00edticos mexicanos con presuntos nexos con el narco.<\/p>\n\n\n\n<p>Los funcionarios estadounidenses habr\u00edan pedido acciones contra varios pol\u00edticos de Morena.<\/p>\n\n\n\n<p>Adem\u00e1s, Reuters menciona que otras dos fuentes comentaron que los amagos sobre la imposici\u00f3n de m\u00e1s aranceles se hicieron para meter \u201cpresi\u00f3n\u201d a M\u00e9xico si no toma medidas respecto a los \u00abnarcopol\u00edticos\u00bb.<\/p>\n\n\n\n<p>En su informaci\u00f3n, la agencia report\u00f3 que si bien no se pudo determinar si EUA entreg\u00f3 una lista de personajes vinculados con el narco, s\u00ed se pudo corroborar -a partir de dos fuentes- que en los trabajos binacionales se mencionaron los nombres de 5 funcionarios de Morena y un exsenador, incluida la gobernadora de Baja California, Marina del Pilar \u00c1vila.<\/p>\n\n\n\n<p>\u201cLISTA NEGRA\u201d<\/p>\n\n\n\n<p>Las especulaciones en torno a una investigaci\u00f3n de pol\u00edticos por parte de EUA no han dejado de alimentarse a ra\u00edz de la revocaci\u00f3n de la visa de Marina del Pilar.<\/p>\n\n\n\n<p>Adem\u00e1s, luego que distintos medios como ProPublica, o algunos periodistas que se\u00f1alaron habr\u00eda una \u00ablista negra\u00bb de pol\u00edticos que estar\u00edan supuestamente siendo investigados por EUA por presunta asociaci\u00f3n con los c\u00e1rteles.<\/p>\n\n\n\n<p>Algunos nombres de gobernadores que supuestamente estar\u00edan en la mira ser\u00edan:<\/p>\n\n\n\n<p>Am\u00e9rico Villarreal, gobernador de Tamaulipas<\/p>\n\n\n\n<p>Alfonso Durazo, gobernador de Sonora<\/p>\n\n\n\n<p>Alfredo Ram\u00edrez Bedolla, gobernador de Michoac\u00e1n<\/p>\n\n\n\n<p>Marina del Pilar, gobernadora de Baja California<\/p>\n\n\n\n<p>Miguel \u00c1ngel Navarro, gobernador de Nayarit<\/p>\n\n\n\n<p>Layda Sansores, gobernadora de Campeche<\/p>\n\n\n\n<p>Samuel Garc\u00eda, gobernador de Nuevo Le\u00f3n<\/p>\n\n\n\n<p>Rub\u00e9n Rocha Moya, gobernador de Sinaloa<\/p>\n\n\n\n<p>Adem\u00e1s, se mencionan a los coordinadores de Morena en la C\u00e1mara de Diputados y el Senado, Ricardo Monreal y Ad\u00e1n Augusto L\u00f3pez, respectivamente.<\/p>\n\n\n\n<p>(Informaci\u00f3n de Pol\u00edtico.Mx)<\/p>\n","protected":false},"excerpt":{"rendered":"<p>Redacci\u00f3n\/Zona Roja Cdmx. Ciudad de M\u00e9xico, a 12 de junio de 2025.- La relaci\u00f3n entre&hellip;<\/p>\n","protected":false},"author":2,"featured_media":81287,"comment_status":"closed","ping_status":"open","sticky":false,"template":"","format":"standard","meta":{"_lmt_disableupdate":"","_lmt_disable":"","_jetpack_memberships_contains_paid_content":false,"footnotes":""},"categories":[109,47],"tags":[],"class_list":["post-81285","post","type-post","status-publish","format-standard","has-post-thumbnail","hentry","category-minuto-a-minuto","category-zona-gris"],"jetpack_featured_media_url":"https:\/\/zonaroja.com.mx\/wp-content\/uploads\/2025\/06\/relacion-Mexico-Estados-unidos-rota.jpg","jetpack_sharing_enabled":true,"_links":{"self":[{"href":"https:\/\/zonaroja.com.mx\/index.php?rest_route=\/wp\/v2\/posts\/81285","targetHints":{"allow":["GET"]}}],"collection":[{"href":"https:\/\/zonaroja.com.mx\/index.php?rest_route=\/wp\/v2\/posts"}],"about":[{"href":"https:\/\/zonaroja.com.mx\/index.php?rest_route=\/wp\/v2\/types\/post"}],"author":[{"embeddable":true,"href":"https:\/\/zonaroja.com.mx\/index.php?rest_route=\/wp\/v2\/users\/2"}],"replies":[{"embeddable":true,"href":"https:\/\/zonaroja.com.mx\/index.php?rest_route=%2Fwp%2Fv2%2Fcomments&post=81285"}],"version-history":[{"count":1,"href":"https:\/\/zonaroja.com.mx\/index.php?rest_route=\/wp\/v2\/posts\/81285\/revisions"}],"predecessor-version":[{"id":81288,"href":"https:\/\/zonaroja.com.mx\/index.php?rest_route=\/wp\/v2\/posts\/81285\/revisions\/81288"}],"wp:featuredmedia":[{"embeddable":true,"href":"https:\/\/zonaroja.com.mx\/index.php?rest_route=\/wp\/v2\/media\/81287"}],"wp:attachment":[{"href":"https:\/\/zonaroja.com.mx\/index.php?rest_route=%2Fwp%2Fv2%2Fmedia&parent=81285"}],"wp:term":[{"taxonomy":"category","embeddable":true,"href":"https:\/\/zonaroja.com.mx\/index.php?rest_route=%2Fwp%2Fv2%2Fcategories&post=81285"},{"taxonomy":"post_tag","embeddable":true,"href":"https:\/\/zonaroja.com.mx\/index.php?rest_route=%2Fwp%2Fv2%2Ftags&post=81285"}],"curies":[{"name":"wp","href":"https:\/\/api.w.org\/{rel}","templated":true}]}}