{"id":81289,"date":"2025-06-12T18:44:18","date_gmt":"2025-06-13T00:44:18","guid":{"rendered":"https:\/\/zonaroja.com.mx\/?p=81289"},"modified":"2025-06-12T18:44:20","modified_gmt":"2025-06-13T00:44:20","slug":"a-balazos-palos-y-golpes-disputan-puestos-en-mercado-de-oaxaca","status":"publish","type":"post","link":"https:\/\/zonaroja.com.mx\/?p=81289","title":{"rendered":"A balazos, palos y golpes, disputan puestos en mercado de Oaxaca"},"content":{"rendered":"\n<p>Redacci\u00f3n\/Zona Roja. Foto: Cuarta Plana.<\/p>\n\n\n\n<p>Oaxaca, Oax., a 12 de junio de 2025.- Al menos una persona lesionada y un veh\u00edculo da\u00f1ado fueron el saldo del enfrentamiento armado entre los sindicatos Libertad y Confederaci\u00f3n Joven-CTM, ocurrido la tarde de este 12 de junio en la prolongaci\u00f3n de Nu\u00f1o del Mercado, en inmediaciones de la Central de Abasto de la ciudad de Oaxaca.<\/p>\n\n\n\n<p>De acuerdo con la Fiscal\u00eda General del Estado, fueron \u00abgrupos de choque vinculados a diferentes organizaciones\u00bb los que \u00abprotagonizaron una agresi\u00f3n contra comerciantes de la zona\u00bb. Asimismo, que tras el seguimiento por las c\u00e1maras de video vigilancia del C-4 se logr\u00f3 la \u00abidentificaci\u00f3n de veh\u00edculos y personas que podr\u00edan estar involucradas en hechos violentos\u00bb.<\/p>\n\n\n\n<p>La confrontaci\u00f3n fue en la calle en la que el pasado domingo vecinos denunciaron la invasi\u00f3n y ampliaci\u00f3n de organizaciones del comercio en v\u00eda p\u00fablica y por lo cual exig\u00edan atenci\u00f3n de parte de las autoridades. Asimismo, ayer comenz\u00f3 ah\u00ed la instalaci\u00f3n de una nueva base de camionetas de carga de una organizaci\u00f3n.<\/p>\n\n\n\n<p>Fue al mediod\u00eda de este jueves cuando se registraron los disparos de arma de fuego entre los grupos relacionados con sindicatos, trifulca que dej\u00f3 varios da\u00f1os materiales a comerciantes de la zona.&nbsp;<\/p>\n\n\n\n<p>Las primeras versiones apuntan a que un grupo de cholos baj\u00f3 de camionetas para retirar puestos en la v\u00eda p\u00fablica y despu\u00e9s se suscitaron las detonaciones de armas de fuego.<\/p>\n\n\n\n<p>Poco despu\u00e9s arribaron polic\u00edas municipales y de la Secretar\u00eda de Seguridad y Protecci\u00f3n Ciudadana del gobierno estatal. Adem\u00e1s de personal de la Fiscal\u00eda General del Estado de Oaxaca, de la Secretar\u00eda de la Defensa Nacional y de la Guardia Nacional.<\/p>\n\n\n\n<p>Despu\u00e9s de este enfrentamiento, se registr\u00f3 el ataque armado en contra de un taxi adherido a Confederaci\u00f3n Joven en la avenida S\u00edmbolos Patrios, en los l\u00edmites de Oaxaca de Ju\u00e1rez y Santa Cruz Xoxocotl\u00e1n.<\/p>\n\n\n\n<p>Tanto el ayuntamiento capitalino como la Fiscal\u00eda informaron que a ra\u00edz del enfrentamiento en la Central de Abasto se despleg\u00f3 un operativo coordinado para restablecer el orden e iniciar investigaciones que permitan dar con los responsables.<\/p>\n\n\n\n<figure class=\"wp-block-embed is-type-rich is-provider-twitter wp-block-embed-twitter\"><div class=\"wp-block-embed__wrapper\">\n<div class=\"twitter-tweet\"><blockquote class=\"twitter-tweet\" data-lang=\"es\"><p lang=\"es\" dir=\"ltr\">Esta es la versi\u00f3n del comisionado de la Polic\u00eda Estatal de Oaxaca, Francisco Santiago Garc\u00eda, tras la llegada del elementos polic\u00edacos que, junto con los municipales, implementaron el orden en la zona de la Central de Abasto en la capital.<br><br>Tambi\u00e9n habla una de las comerciantes\u2026 <a href=\"https:\/\/t.co\/5nHQIsofdT\">pic.twitter.com\/5nHQIsofdT<\/a><\/p>&mdash; Zona Roja Oaxaca (@ZonaRoja_Oaxaca) <a href=\"https:\/\/twitter.com\/ZonaRoja_Oaxaca\/status\/1933265250280767983?ref_src=twsrc%5Etfw\">12 de junio de 2025<\/a><\/blockquote><\/div>\n<\/div><\/figure>\n","protected":false},"excerpt":{"rendered":"<p>Redacci\u00f3n\/Zona Roja. Foto: Cuarta Plana. Oaxaca, Oax., a 12 de junio de 2025.- Al menos&hellip;<\/p>\n","protected":false},"author":2,"featured_media":81290,"comment_status":"closed","ping_status":"open","sticky":false,"template":"","format":"standard","meta":{"_lmt_disableupdate":"","_lmt_disable":"","_jetpack_memberships_contains_paid_content":false,"footnotes":""},"categories":[109,47],"tags":[1168],"class_list":["post-81289","post","type-post","status-publish","format-standard","has-post-thumbnail","hentry","category-minuto-a-minuto","category-zona-gris","tag-central-de-abasto-ciudad-de-oaxaca"],"jetpack_featured_media_url":"https:\/\/zonaroja.com.mx\/wp-content\/uploads\/2025\/06\/Sindicatos-Central-de-Abasto-enfrentamiento.jpeg","jetpack_sharing_enabled":true,"_links":{"self":[{"href":"https:\/\/zonaroja.com.mx\/index.php?rest_route=\/wp\/v2\/posts\/81289","targetHints":{"allow":["GET"]}}],"collection":[{"href":"https:\/\/zonaroja.com.mx\/index.php?rest_route=\/wp\/v2\/posts"}],"about":[{"href":"https:\/\/zonaroja.com.mx\/index.php?rest_route=\/wp\/v2\/types\/post"}],"author":[{"embeddable":true,"href":"https:\/\/zonaroja.com.mx\/index.php?rest_route=\/wp\/v2\/users\/2"}],"replies":[{"embeddable":true,"href":"https:\/\/zonaroja.com.mx\/index.php?rest_route=%2Fwp%2Fv2%2Fcomments&post=81289"}],"version-history":[{"count":1,"href":"https:\/\/zonaroja.com.mx\/index.php?rest_route=\/wp\/v2\/posts\/81289\/revisions"}],"predecessor-version":[{"id":81291,"href":"https:\/\/zonaroja.com.mx\/index.php?rest_route=\/wp\/v2\/posts\/81289\/revisions\/81291"}],"wp:featuredmedia":[{"embeddable":true,"href":"https:\/\/zonaroja.com.mx\/index.php?rest_route=\/wp\/v2\/media\/81290"}],"wp:attachment":[{"href":"https:\/\/zonaroja.com.mx\/index.php?rest_route=%2Fwp%2Fv2%2Fmedia&parent=81289"}],"wp:term":[{"taxonomy":"category","embeddable":true,"href":"https:\/\/zonaroja.com.mx\/index.php?rest_route=%2Fwp%2Fv2%2Fcategories&post=81289"},{"taxonomy":"post_tag","embeddable":true,"href":"https:\/\/zonaroja.com.mx\/index.php?rest_route=%2Fwp%2Fv2%2Ftags&post=81289"}],"curies":[{"name":"wp","href":"https:\/\/api.w.org\/{rel}","templated":true}]}}