{"id":81292,"date":"2025-06-12T20:38:25","date_gmt":"2025-06-13T02:38:25","guid":{"rendered":"https:\/\/zonaroja.com.mx\/?p=81292"},"modified":"2025-06-12T20:40:04","modified_gmt":"2025-06-13T02:40:04","slug":"detienen-a-sacerdote-de-los-legionarios-lo-acusan-de-abuso-sexuak","status":"publish","type":"post","link":"https:\/\/zonaroja.com.mx\/?p=81292","title":{"rendered":"Detienen a sacerdote de los Legionarios; lo acusan de\u00a0abuso sexual"},"content":{"rendered":"\n<p>Redacci\u00f3n\/Zona Roja Cdmx.<\/p>\n\n\n\n<p>Ciudad de M\u00e9xico, a 12 de junio de 2025.- Antonio Cabrera, integrante de la organizaci\u00f3n religiosa Los Legionarios de Cristo y miembro de la plantilla docente de la Universidad An\u00e1huac, fue detenido este jueves 12 de junio acusado de abuso sexual en contra de un joven.<\/p>\n\n\n\n<p>Datos preliminares advierten que la detenci\u00f3n ocurri\u00f3 en instalaciones del Aeropuerto Internacional de la Ciudad de M\u00e9xico (AICM), con base en una orden de aprehensi\u00f3n librada el 26 de mayo pasado por un juez de Tlalnepantla, Estado de M\u00e9xico.<\/p>\n\n\n\n<p>La captura habr\u00eda ocurrido alrededor de las 4:00 de la madrugada, cuando el sacerdote y actual director del Centro An\u00e1huac de Desarrollo Estrat\u00e9gico en Bio\u00e9tica, llegaba a la ciudad en un vuelo procedente del extranjero.<\/p>\n\n\n\n<p>Ser\u00e1 un juez del penal estatal de Barrientos quien determine en las pr\u00f3ximas horas la situaci\u00f3n jur\u00eddica Cabrera, quien fuera uno de los hombres m\u00e1s cercanos a Marcial Maciel, fundador de Los Legionarios de Cristo.<\/p>\n\n\n\n<p>En julio del a\u00f1o pasado, se dieron a conocer archivos del Papa P\u00edo XII que arrojaba nueva luz sobre las afirmaciones de que el pont\u00edfice de la \u00e9poca de la Segunda Guerra Mundial no habl\u00f3 sobre el Holocausto.<\/p>\n\n\n\n<p>Pero tambi\u00e9n brindan detalles sobre otro cap\u00edtulo pol\u00e9mico en la historia del Vaticano: el esc\u00e1ndalo sobre el fundador de los Legionarios de Cristo.<\/p>\n\n\n\n<p>Ya se han escrito libros enteros sobre la copiosa documentaci\u00f3n que lleg\u00f3 a la Santa Sede en las d\u00e9cadas de 1940 y 1950, demostrando que sus funcionarios ten\u00edan pruebas de la dudosa moral, el uso de drogas, la imprudencia financiera y el abuso sexual del reverendo Marcial Maciel contra sus j\u00f3venes seminaristas.<\/p>\n\n\n\n<p>Sin embargo, a la Santa Sede le tom\u00f3 m\u00e1s de medio siglo sancionar a Maciel, y a\u00fan m\u00e1s para reconocer que era un fraude religioso y un estafador que abus\u00f3 sexualmente de sus seminaristas, engendr\u00f3 tres hijos y construy\u00f3 una orden religiosa secreta, similar a un culto, para ocultar su doble vida.<\/p>\n\n\n\n<p>Los archivos recientemente abiertos del papado de P\u00edo, que abarcaron de 1939 a 1958, agregan algunos detalles nuevos a lo que ha sido de dominio p\u00fablico, ya que incluyen documentaci\u00f3n que antes no estaba disponible de la secretar\u00eda de Estado del Vaticano.<\/p>\n\n\n\n<p>(Informaci\u00f3n de la agencia AP en \u201cEl Financiero\u201d)<\/p>\n","protected":false},"excerpt":{"rendered":"<p>Redacci\u00f3n\/Zona Roja Cdmx. Ciudad de M\u00e9xico, a 12 de junio de 2025.- Antonio Cabrera, integrante&hellip;<\/p>\n","protected":false},"author":2,"featured_media":81293,"comment_status":"closed","ping_status":"open","sticky":false,"template":"","format":"standard","meta":{"_lmt_disableupdate":"","_lmt_disable":"","_jetpack_memberships_contains_paid_content":false,"footnotes":""},"categories":[109,47],"tags":[4335],"class_list":["post-81292","post","type-post","status-publish","format-standard","has-post-thumbnail","hentry","category-minuto-a-minuto","category-zona-gris","tag-antonio-cabrera-legionarios"],"jetpack_featured_media_url":"https:\/\/zonaroja.com.mx\/wp-content\/uploads\/2025\/06\/Sacerdote-Antonio-Cabrera.jpg","jetpack_sharing_enabled":true,"_links":{"self":[{"href":"https:\/\/zonaroja.com.mx\/index.php?rest_route=\/wp\/v2\/posts\/81292","targetHints":{"allow":["GET"]}}],"collection":[{"href":"https:\/\/zonaroja.com.mx\/index.php?rest_route=\/wp\/v2\/posts"}],"about":[{"href":"https:\/\/zonaroja.com.mx\/index.php?rest_route=\/wp\/v2\/types\/post"}],"author":[{"embeddable":true,"href":"https:\/\/zonaroja.com.mx\/index.php?rest_route=\/wp\/v2\/users\/2"}],"replies":[{"embeddable":true,"href":"https:\/\/zonaroja.com.mx\/index.php?rest_route=%2Fwp%2Fv2%2Fcomments&post=81292"}],"version-history":[{"count":2,"href":"https:\/\/zonaroja.com.mx\/index.php?rest_route=\/wp\/v2\/posts\/81292\/revisions"}],"predecessor-version":[{"id":81295,"href":"https:\/\/zonaroja.com.mx\/index.php?rest_route=\/wp\/v2\/posts\/81292\/revisions\/81295"}],"wp:featuredmedia":[{"embeddable":true,"href":"https:\/\/zonaroja.com.mx\/index.php?rest_route=\/wp\/v2\/media\/81293"}],"wp:attachment":[{"href":"https:\/\/zonaroja.com.mx\/index.php?rest_route=%2Fwp%2Fv2%2Fmedia&parent=81292"}],"wp:term":[{"taxonomy":"category","embeddable":true,"href":"https:\/\/zonaroja.com.mx\/index.php?rest_route=%2Fwp%2Fv2%2Fcategories&post=81292"},{"taxonomy":"post_tag","embeddable":true,"href":"https:\/\/zonaroja.com.mx\/index.php?rest_route=%2Fwp%2Fv2%2Ftags&post=81292"}],"curies":[{"name":"wp","href":"https:\/\/api.w.org\/{rel}","templated":true}]}}