{"id":81296,"date":"2025-06-12T22:23:15","date_gmt":"2025-06-13T04:23:15","guid":{"rendered":"https:\/\/zonaroja.com.mx\/?p=81296"},"modified":"2025-06-12T22:23:17","modified_gmt":"2025-06-13T04:23:17","slug":"indagan-atentado-contra-taxista-fiscalia-busca-a-agresor","status":"publish","type":"post","link":"https:\/\/zonaroja.com.mx\/?p=81296","title":{"rendered":"Indagan atentado contra taxista; Fiscal\u00eda busca a agresor"},"content":{"rendered":"\n<p>Raymundo Morales\/Zona Roja.<\/p>\n\n\n\n<p>Oaxaca, Oax., a 12 de junio de 2025.- En el marco de una disputa entre sindicatos por puestos en la Central de Abasto de la ciudad de Oaxaca, un taxista fue atacado a balazos la tarde de hoy en la avenida S\u00edmbolos Patrios, en los l\u00edmites de la capital con San Santa Cruz Xoxocotl\u00e1n.<\/p>\n\n\n\n<p>Se trata de una unidad de servicio colectivo del sitio \u201cValle de Reyes\u201d A. C., de la Villa de Zaachila, con n\u00famero econ\u00f3mico 15-797, que circulaba en la zona, cuando fue alcanzado presuntamente por un motociclista.<\/p>\n\n\n\n<p>El individuo le lanz\u00f3 amenazas y luego dispar\u00f3 contra la unidad de motor y al piso, tras lo cual huy\u00f3, seg\u00fan declar\u00f3 el conductor de la unidad, que no quiso dar su nombre.<\/p>\n\n\n\n<p>Inform\u00f3 que llevaba a una pasajera, quien baj\u00f3 y corri\u00f3 para ponerse a salvo y dijo que el atacante pertenec\u00eda al Sindicato Libertad.<\/p>\n\n\n\n<p>En un comunicado, la Fiscal\u00eda General del Estado de Oaxaca (FGEO) dijo que inici\u00f3 las investigaciones correspondientes luego de tomar conocimiento de una agresi\u00f3n con disparos de arma de fuego, en la cual fue v\u00edctima un taxista que circulaba sobre la avenida S\u00edmbolos Patrios.<\/p>\n\n\n\n<p>\u201cDerivado de las primeras labores ministeriales, a cargo de la Vicefiscal\u00eda Regional de Valles Centrales, se lograron establecer s\u00f3lidas l\u00edneas de investigaci\u00f3n con el objetivo de dar con el paradero de las personas responsables.&nbsp;<\/p>\n\n\n\n<p>\u201cAdem\u00e1s, en el lugar de los hechos se llevaron a cabo las labores periciales correspondientes para integrar los hallazgos a las indagatorias que est\u00e1n en curso por este caso\u201d.<\/p>\n\n\n\n<figure class=\"wp-block-embed is-type-rich is-provider-twitter wp-block-embed-twitter\"><div class=\"wp-block-embed__wrapper\">\n<div class=\"twitter-tweet\"><blockquote class=\"twitter-tweet\" data-lang=\"es\"><p lang=\"es\" dir=\"ltr\"><a href=\"https:\/\/twitter.com\/hashtag\/%C3%9AltimoMimuto?src=hash&amp;ref_src=twsrc%5Etfw\">#\u00daltimoMimuto<\/a><br>Un taxi colectivo, afiliado a la Confederaci\u00f3n Joven, fue atacado a balazos en la avenida S\u00edmbolos Patrios, jurisdicci\u00f3n de Santa Cruz Xoxocotl\u00e1n y l\u00edmites con la ciudad de Oaxaca; no hay lesionados, y as\u00ed lo narra el chofer: <a href=\"https:\/\/t.co\/79OchP4zVI\">pic.twitter.com\/79OchP4zVI<\/a><\/p>&mdash; Zona Roja Oaxaca (@ZonaRoja_Oaxaca) <a href=\"https:\/\/twitter.com\/ZonaRoja_Oaxaca\/status\/1933255430232551540?ref_src=twsrc%5Etfw\">12 de junio de 2025<\/a><\/blockquote><\/div>\n<\/div><\/figure>\n","protected":false},"excerpt":{"rendered":"<p>Raymundo Morales\/Zona Roja. Oaxaca, Oax., a 12 de junio de 2025.- En el marco de&hellip;<\/p>\n","protected":false},"author":2,"featured_media":81297,"comment_status":"closed","ping_status":"open","sticky":false,"template":"","format":"standard","meta":{"_lmt_disableupdate":"","_lmt_disable":"","_jetpack_memberships_contains_paid_content":false,"footnotes":""},"categories":[109,47],"tags":[],"class_list":["post-81296","post","type-post","status-publish","format-standard","has-post-thumbnail","hentry","category-minuto-a-minuto","category-zona-gris"],"jetpack_featured_media_url":"https:\/\/zonaroja.com.mx\/wp-content\/uploads\/2025\/06\/Taxista-baleado-Oaxaca-avenida-Universidad.jpg","jetpack_sharing_enabled":true,"_links":{"self":[{"href":"https:\/\/zonaroja.com.mx\/index.php?rest_route=\/wp\/v2\/posts\/81296","targetHints":{"allow":["GET"]}}],"collection":[{"href":"https:\/\/zonaroja.com.mx\/index.php?rest_route=\/wp\/v2\/posts"}],"about":[{"href":"https:\/\/zonaroja.com.mx\/index.php?rest_route=\/wp\/v2\/types\/post"}],"author":[{"embeddable":true,"href":"https:\/\/zonaroja.com.mx\/index.php?rest_route=\/wp\/v2\/users\/2"}],"replies":[{"embeddable":true,"href":"https:\/\/zonaroja.com.mx\/index.php?rest_route=%2Fwp%2Fv2%2Fcomments&post=81296"}],"version-history":[{"count":1,"href":"https:\/\/zonaroja.com.mx\/index.php?rest_route=\/wp\/v2\/posts\/81296\/revisions"}],"predecessor-version":[{"id":81298,"href":"https:\/\/zonaroja.com.mx\/index.php?rest_route=\/wp\/v2\/posts\/81296\/revisions\/81298"}],"wp:featuredmedia":[{"embeddable":true,"href":"https:\/\/zonaroja.com.mx\/index.php?rest_route=\/wp\/v2\/media\/81297"}],"wp:attachment":[{"href":"https:\/\/zonaroja.com.mx\/index.php?rest_route=%2Fwp%2Fv2%2Fmedia&parent=81296"}],"wp:term":[{"taxonomy":"category","embeddable":true,"href":"https:\/\/zonaroja.com.mx\/index.php?rest_route=%2Fwp%2Fv2%2Fcategories&post=81296"},{"taxonomy":"post_tag","embeddable":true,"href":"https:\/\/zonaroja.com.mx\/index.php?rest_route=%2Fwp%2Fv2%2Ftags&post=81296"}],"curies":[{"name":"wp","href":"https:\/\/api.w.org\/{rel}","templated":true}]}}