{"id":81299,"date":"2025-06-13T07:15:00","date_gmt":"2025-06-13T13:15:00","guid":{"rendered":"https:\/\/zonaroja.com.mx\/?p=81299"},"modified":"2025-06-13T06:33:52","modified_gmt":"2025-06-13T12:33:52","slug":"juez-falla-en-contra-del-despliegue-de-la-guardia-nacional-en-los-angeles","status":"publish","type":"post","link":"https:\/\/zonaroja.com.mx\/?p=81299","title":{"rendered":"Juez falla en contra del despliegue de la Guardia Nacional en Los \u00c1ngeles"},"content":{"rendered":"\n<p>Redacci\u00f3n\/Zona Roja Cdmx.<\/p>\n\n\n\n<p>Ciudad de M\u00e9xico, a 13 de junio de 2025.- Un juez federal en San Francisco, Charles Breyer, bloque\u00f3 el jueves la decisi\u00f3n de la administraci\u00f3n de Donald Trump de federalizar a los miembros de la Guardia Nacional de California y desplegarlos en Los \u00c1ngeles.<\/p>\n\n\n\n<p>Seg\u00fan la resoluci\u00f3n judicial, la medida excedi\u00f3 los l\u00edmites legales y viol\u00f3 la D\u00e9cima Enmienda de la Constituci\u00f3n de los Estados Unidos, lo que llev\u00f3 al juez a ordenar que el control de estas fuerzas regresara al gobernador del estado, Gavin Newsom.<\/p>\n\n\n\n<p>La decisi\u00f3n ser\u00e1 apelada por el Departamento de Justicia.<\/p>\n\n\n\n<p>El fallo se produjo tras una audiencia en la que se discuti\u00f3 la legalidad de la orden presidencial, que buscaba utilizar a m\u00e1s de 4.000 miembros de la Guardia Nacional y 700 marines en servicio activo para apoyar a los agentes de Inmigraci\u00f3n y Control de Aduanas (ICE) en la ejecuci\u00f3n de arrestos migratorios.<\/p>\n\n\n\n<p>Seg\u00fan el juez Breyer, la acci\u00f3n de Trump no solo carec\u00eda de fundamento legal, sino que tambi\u00e9n ignoraba la autoridad del gobernador de California, quien es el comandante en jefe de la Guardia Nacional estatal. En su decisi\u00f3n de 36 p\u00e1ginas, Breyer afirm\u00f3: \u201cSus acciones fueron ilegales, ya que excedieron el alcance de su autoridad legal y violaron la D\u00e9cima Enmienda\u201d.<\/p>\n\n\n\n<p>El gobernador Newsom celebr\u00f3 la decisi\u00f3n judicial y pidi\u00f3 al presidente que detuviera lo que calific\u00f3 como una \u201cmilitarizaci\u00f3n ilegal\u201d de Los \u00c1ngeles. En redes sociales, Newsom expres\u00f3: \u201cEl tribunal acaba de confirmar lo que todos sabemos: el ej\u00e9rcito debe estar en el campo de batalla, no en las calles de nuestra ciudad. Esta victoria no es solo para California, sino para todo el pa\u00eds\u201d.<\/p>\n\n\n\n<p>Por su parte, el Departamento de Justicia calific\u00f3 la demanda de Newsom como una \u201cmaniobra pol\u00edtica\u201d y defendi\u00f3 la autoridad del presidente para movilizar tropas en situaciones de emergencia.<\/p>\n\n\n\n<p>La controversia se origin\u00f3 en medio de protestas masivas en Los \u00c1ngeles, desencadenadas por la intensificaci\u00f3n de las pol\u00edticas migratorias de la administraci\u00f3n Trump.<\/p>\n\n\n\n<p>En un memorando del 7 de junio, el presidente describi\u00f3 las manifestaciones como \u201cuna forma de rebeli\u00f3n contra Estados Unidos\u201d, lo que justificaba, seg\u00fan \u00e9l, la activaci\u00f3n de la Guardia Nacional bajo el T\u00edtulo 10 del C\u00f3digo de los Estados Unidos. Este marco legal permite al presidente movilizar fuerzas militares en casos de invasi\u00f3n, rebeli\u00f3n o cuando las fuerzas regulares no son suficientes para ejecutar las leyes.<\/p>\n\n\n\n<p>Desde el inicio del despliegue, las tensiones han aumentado en la ciudad m\u00e1s grande de California, donde la alcaldesa Karen Bass impuso un toque de queda nocturno y el Departamento de Polic\u00eda de Los \u00c1ngeles report\u00f3 al menos 400 arrestos relacionados con las protestas.<\/p>\n\n\n\n<p>Adem\u00e1s, la presencia de tropas federales ha generado preocupaci\u00f3n entre las autoridades locales, quienes argumentan que la medida podr\u00eda desestabilizar a la comunidad y agravar la situaci\u00f3n.<\/p>\n\n\n\n<p>El fiscal general de California, Rob Bonta, respald\u00f3 la posici\u00f3n del gobernador y present\u00f3 documentos judiciales en los que calific\u00f3 el despliegue como una \u201cprovocaci\u00f3n profundamente incendiaria e innecesaria\u201d.<\/p>\n\n\n\n<p>Seg\u00fan datos proporcionados por el Departamento de Seguridad Nacional, desde el viernes se han arrestado a 330 migrantes en Los \u00c1ngeles, de los cuales 113 ten\u00edan antecedentes penales.<\/p>\n\n\n\n<p>(Informaci\u00f3n de Infobae M\u00e9xico)<\/p>\n","protected":false},"excerpt":{"rendered":"<p>Redacci\u00f3n\/Zona Roja Cdmx. Ciudad de M\u00e9xico, a 13 de junio de 2025.- Un juez federal&hellip;<\/p>\n","protected":false},"author":2,"featured_media":81300,"comment_status":"closed","ping_status":"open","sticky":false,"template":"","format":"standard","meta":{"_lmt_disableupdate":"","_lmt_disable":"","_jetpack_memberships_contains_paid_content":false,"footnotes":""},"categories":[109,47],"tags":[4167],"class_list":["post-81299","post","type-post","status-publish","format-standard","has-post-thumbnail","hentry","category-minuto-a-minuto","category-zona-gris","tag-deportacion-de-migrantes-en-eu"],"jetpack_featured_media_url":"https:\/\/zonaroja.com.mx\/wp-content\/uploads\/2025\/06\/Guardia-Nacional-en-Los-Angeles-California.jpg.avif","jetpack_sharing_enabled":true,"_links":{"self":[{"href":"https:\/\/zonaroja.com.mx\/index.php?rest_route=\/wp\/v2\/posts\/81299","targetHints":{"allow":["GET"]}}],"collection":[{"href":"https:\/\/zonaroja.com.mx\/index.php?rest_route=\/wp\/v2\/posts"}],"about":[{"href":"https:\/\/zonaroja.com.mx\/index.php?rest_route=\/wp\/v2\/types\/post"}],"author":[{"embeddable":true,"href":"https:\/\/zonaroja.com.mx\/index.php?rest_route=\/wp\/v2\/users\/2"}],"replies":[{"embeddable":true,"href":"https:\/\/zonaroja.com.mx\/index.php?rest_route=%2Fwp%2Fv2%2Fcomments&post=81299"}],"version-history":[{"count":1,"href":"https:\/\/zonaroja.com.mx\/index.php?rest_route=\/wp\/v2\/posts\/81299\/revisions"}],"predecessor-version":[{"id":81301,"href":"https:\/\/zonaroja.com.mx\/index.php?rest_route=\/wp\/v2\/posts\/81299\/revisions\/81301"}],"wp:featuredmedia":[{"embeddable":true,"href":"https:\/\/zonaroja.com.mx\/index.php?rest_route=\/wp\/v2\/media\/81300"}],"wp:attachment":[{"href":"https:\/\/zonaroja.com.mx\/index.php?rest_route=%2Fwp%2Fv2%2Fmedia&parent=81299"}],"wp:term":[{"taxonomy":"category","embeddable":true,"href":"https:\/\/zonaroja.com.mx\/index.php?rest_route=%2Fwp%2Fv2%2Fcategories&post=81299"},{"taxonomy":"post_tag","embeddable":true,"href":"https:\/\/zonaroja.com.mx\/index.php?rest_route=%2Fwp%2Fv2%2Ftags&post=81299"}],"curies":[{"name":"wp","href":"https:\/\/api.w.org\/{rel}","templated":true}]}}