{"id":81302,"date":"2025-06-13T08:15:00","date_gmt":"2025-06-13T14:15:00","guid":{"rendered":"https:\/\/zonaroja.com.mx\/?p=81302"},"modified":"2025-06-13T07:10:17","modified_gmt":"2025-06-13T13:10:17","slug":"tienen-identificados-a-grupos-de-choque-de-la-central-de-abasto","status":"publish","type":"post","link":"https:\/\/zonaroja.com.mx\/?p=81302","title":{"rendered":"Tienen identificados a grupos de choque de la Central de Abasto"},"content":{"rendered":"\n<p>Raymundo Morales\/Zona Roja.<\/p>\n\n\n\n<p>Oaxaca, Oax., a 13 de junio de 2025.- Tras el enfrentamiento en la Central de Abasto de la ciudad de Oaxaca, la Fiscal\u00eda General del Estado confirmo que se ha logrado la identificaci\u00f3n de veh\u00edculos y personas que podr\u00edan estar involucradas en hechos violentos<\/p>\n\n\n\n<p>La instituci\u00f3n que encabeza Bernardo Rodr\u00edguez Alamilla dio a conocer que se inici\u00f3 una carpeta de investigaci\u00f3n de oficio por los hechos ocurridos en la Central de Abasto, \u201cdonde grupos de choque vinculados a diferentes organizaciones protagonizaron una agresi\u00f3n contra comerciantes de la zona, situaci\u00f3n por la que se activ\u00f3 el protocolo de reacci\u00f3n por el cual se implement\u00f3 un operativo interinstitucional articulado a trav\u00e9s del Mando Coordinaci\u00f3n de Seguridad Metropolitana, lo que permiti\u00f3 restablecer el orden y garantizar la paz social en el lugar\u201d.<br>Derivado de reportes recibidos a trav\u00e9s del n\u00famero de emergencia 911, se tuvo conocimiento sobre agresiones provocadas por grupos de choque vinculados a diferentes organizaciones, los causaron destrozos en puestos comerciales, principalmente en la calle prolongaci\u00f3n de Nu\u00f1o del Mercado.<\/p>\n\n\n\n<p>Ante ello se despleg\u00f3 un operativo conjunto en el que participan la Fiscal\u00eda, a trav\u00e9s de la Agencia Estatal de Investigaciones, junto con la Polic\u00eda Municipal de Oaxaca de Ju\u00e1rez, Secretar\u00eda de la Defensa Nacional, Guardia Nacional y la Polic\u00eda Estatal de la Secretar\u00eda de Seguridad P\u00fablica y Protecci\u00f3n Ciudadana (SSPC).<\/p>\n\n\n\n<p>Seg\u00fan dio a conocer en el lugar de los hechos, como parte de la intervenci\u00f3n, se realiza un mapeo y vigilancia a trav\u00e9s de un equipo t\u00e1ctico de drones, adem\u00e1s de dar seguimiento en tiempo real haciendo uso de las c\u00e1maras que integran el Centro de Control, Comando y Comunicaci\u00f3n (C4).<\/p>\n\n\n\n<p>\u201cDerivado de estas labores identificaron a personas y veh\u00edculos relacionados con los hechos, por lo que contin\u00faan los trabajos de monitoreo y an\u00e1lisis para ampliar las investigaciones y dar con los responsables.<br>La&nbsp;Fiscal\u00eda de Oaxaca, despu\u00e9s de las primeras indagatorias realizadas por un equipo interdisciplinario, estableci\u00f3 diversas l\u00edneas de investigaci\u00f3n para delinear una teor\u00eda del caso s\u00f3lida que permita presentar ante la ley a quienes resulten responsables.<\/p>\n\n\n\n<p>Adem\u00e1s, la instituci\u00f3n colabora en las acciones operativas necesarias para restablecer el orden y la paz social, pues es prioritario garantizar la seguridad de quienes acuden a trabajar o comprar a la Central de Abasto.<\/p>\n","protected":false},"excerpt":{"rendered":"<p>Raymundo Morales\/Zona Roja. Oaxaca, Oax., a 13 de junio de 2025.- Tras el enfrentamiento en&hellip;<\/p>\n","protected":false},"author":2,"featured_media":81303,"comment_status":"closed","ping_status":"open","sticky":false,"template":"","format":"standard","meta":{"_lmt_disableupdate":"","_lmt_disable":"","_jetpack_memberships_contains_paid_content":false,"footnotes":""},"categories":[109,46],"tags":[494],"class_list":["post-81302","post","type-post","status-publish","format-standard","has-post-thumbnail","hentry","category-minuto-a-minuto","category-zona-blanca","tag-fiscalia-general-del-estado-de-oaxaca"],"jetpack_featured_media_url":"https:\/\/zonaroja.com.mx\/wp-content\/uploads\/2025\/06\/Enfrentamiento-Central-de-Abasto-ciudad-de-Oaxaca.jpeg","jetpack_sharing_enabled":true,"_links":{"self":[{"href":"https:\/\/zonaroja.com.mx\/index.php?rest_route=\/wp\/v2\/posts\/81302","targetHints":{"allow":["GET"]}}],"collection":[{"href":"https:\/\/zonaroja.com.mx\/index.php?rest_route=\/wp\/v2\/posts"}],"about":[{"href":"https:\/\/zonaroja.com.mx\/index.php?rest_route=\/wp\/v2\/types\/post"}],"author":[{"embeddable":true,"href":"https:\/\/zonaroja.com.mx\/index.php?rest_route=\/wp\/v2\/users\/2"}],"replies":[{"embeddable":true,"href":"https:\/\/zonaroja.com.mx\/index.php?rest_route=%2Fwp%2Fv2%2Fcomments&post=81302"}],"version-history":[{"count":1,"href":"https:\/\/zonaroja.com.mx\/index.php?rest_route=\/wp\/v2\/posts\/81302\/revisions"}],"predecessor-version":[{"id":81304,"href":"https:\/\/zonaroja.com.mx\/index.php?rest_route=\/wp\/v2\/posts\/81302\/revisions\/81304"}],"wp:featuredmedia":[{"embeddable":true,"href":"https:\/\/zonaroja.com.mx\/index.php?rest_route=\/wp\/v2\/media\/81303"}],"wp:attachment":[{"href":"https:\/\/zonaroja.com.mx\/index.php?rest_route=%2Fwp%2Fv2%2Fmedia&parent=81302"}],"wp:term":[{"taxonomy":"category","embeddable":true,"href":"https:\/\/zonaroja.com.mx\/index.php?rest_route=%2Fwp%2Fv2%2Fcategories&post=81302"},{"taxonomy":"post_tag","embeddable":true,"href":"https:\/\/zonaroja.com.mx\/index.php?rest_route=%2Fwp%2Fv2%2Ftags&post=81302"}],"curies":[{"name":"wp","href":"https:\/\/api.w.org\/{rel}","templated":true}]}}