{"id":81305,"date":"2025-06-13T09:15:00","date_gmt":"2025-06-13T15:15:00","guid":{"rendered":"https:\/\/zonaroja.com.mx\/?p=81305"},"modified":"2025-06-13T07:30:22","modified_gmt":"2025-06-13T13:30:22","slug":"lanza-israel-intenso-ataque-aereo-contra-iran","status":"publish","type":"post","link":"https:\/\/zonaroja.com.mx\/?p=81305","title":{"rendered":"Lanza Israel intenso ataque a\u00e9reo contra Ir\u00e1n"},"content":{"rendered":"\n<p>Redacci\u00f3n\/Zona Roja Cdmx.<\/p>\n\n\n\n<p>Ciudad de M\u00e9xico, a 13 de junio de 2025.- Israel afirm\u00f3 que atac\u00f3 este viernes instalaciones nucleares, f\u00e1bricas de misiles bal\u00edsticos y a altos mandos militares de Ir\u00e1n, en el inicio de lo que advirti\u00f3 que ser\u00eda una operaci\u00f3n prolongada para impedir que la rep\u00fablica isl\u00e1mica construya bombas at\u00f3micas.<\/p>\n\n\n\n<p>En represalia, Teher\u00e1n lanz\u00f3 m\u00e1s de cien drones contra el territorio israel\u00ed, mientras el ej\u00e9rcito de Benjamin Netnayahu se\u00f1al\u00f3 que estaba trabajando para interceptar las amenazas, aunque no se inform\u00f3 si fueron neutralizados o provocaron da\u00f1os. .<\/p>\n\n\n\n<p>Teher\u00e1n advirti\u00f3 que a Tel Aviv le espera un destino amargo y doloroso, reconoci\u00f3 que fue abatido el comandante de la Guardia Revolucionaria Isl\u00e1mica, Hossein Salami, y responsabiliz\u00f3 a Estados Unidos de la peor escalada que enfrenta la regi\u00f3n desde la guerra con Irak en la d\u00e9cada de 1980.<\/p>\n\n\n\n<p>El ministerio de Asuntos Exteriores de Ir\u00e1n asegur\u00f3 que tiene el derecho legal y leg\u00edtimo de responder a los ataques israel\u00edes en virtud de la Carta de la Organizaci\u00f3n de Naciones Unidas (ONU), y responsabiliz\u00f3 a Estados Unidos de la agresi\u00f3n.<\/p>\n\n\n\n<p>Las acciones agresivas del r\u00e9gimen sionista contra Ir\u00e1n no pueden haberse llevado a cabo sin la coordinaci\u00f3n y autorizaci\u00f3n de la Casa Blanca. En consecuencia, \u00e9se gobierno, como principal partidario de este r\u00e9gimen, tambi\u00e9n ser\u00e1 responsable de los peligrosos efectos y consecuencias de la aventura del r\u00e9gimen sionista, asever\u00f3.<\/p>\n\n\n\n<p>El secretario de Estado estadunidense, Marco Rubio, asegur\u00f3 que su pa\u00eds no est\u00e1 involucrado en la ofensiva, y asever\u00f3 que la rep\u00fablica isl\u00e1mica no deber\u00eda atacar a Estados Unidos en respuesta. Horas despu\u00e9s, Bret Baier, presentador de Fox News, divulg\u00f3 que el presidente Donald Trump reiter\u00f3 que Washington no estaba implicado en los ataques, pero resalt\u00f3 que ayudar\u00e1 a defender a Tel Aviv si Teher\u00e1n toma represalias.<\/p>\n\n\n\n<p>Ir\u00e1n no puede tener una bomba nuclear y esperamos volver a la mesa de negociaciones. Ya veremos. Hay varias personas en el liderazgo que no volver\u00e1n, dijo Trump, seg\u00fan Baier.<\/p>\n\n\n\n<p>Antes del ataque israel\u00ed, el presidente estadunidense, Donald Trump, asegur\u00f3 que hab\u00eda disuadido a Israel de bombardear Ir\u00e1n porque el acuerdo estaba cerca. No quiero que entren (los israel\u00edes), porque creo que eso lo arruinar\u00eda (el pacto), dijo y a\u00f1adi\u00f3 que prefer\u00eda el camino m\u00e1s amigable: Mi administraci\u00f3n ha recibido instrucciones para negociar con Ir\u00e1n. Podr\u00edan ser un gran pa\u00eds, pero primero deben abandonar por completo la esperanza de obtener un arma nuclear, escribi\u00f3 en Truth Social.<\/p>\n\n\n\n<p>La ONU llam\u00f3 a la moderaci\u00f3n, en tanto Arabia Saudita, Cuba y Venezuela condenaron los ataques, mientras Reino Unido, Australia y Nueva Zelanda manifestaron su preocupaci\u00f3n. En tanto, el grupo palestino Hamas conden\u00f3 los ataques israel\u00edes.<\/p>\n\n\n\n<p>Barrios residenciales de Teher\u00e1n, donde viven altos oficiales militares, fueron el blanco de la primera oleada de bombardeos, en los que participaron decenas de cazas, report\u00f3 el mando israel\u00ed. Despu\u00e9s fue atacada la central nuclear de Natanz, informaron medios iran\u00edes.<\/p>\n\n\n\n<p>Los bombardeos se extendieron a las ciudades de Kermanshah y Tabriz, indic\u00f3 Al Arabiya. Al cierre de esta edici\u00f3n se escuchaban explosiones en Teher\u00e1n y sus alrededores. Se desconoce cu\u00e1ntas personas murieron.<\/p>\n\n\n\n<p>El m\u00e1ximo l\u00edder iran\u00ed, ayatollah Al\u00ed Jamenei, declar\u00f3 que Israel recibir\u00e1 un duro castigo. Reconoci\u00f3 que los ataques causaron la muerte de varios comandantes y cient\u00edficos. Con este crimen, el r\u00e9gimen sionista se ha preparado un destino amargo, que sin duda recibir\u00e1.<\/p>\n\n\n\n<p>La televisi\u00f3n estatal iran\u00ed tambi\u00e9n inform\u00f3 que el jefe del Estado Mayor de las fuerzas armadas iran\u00edes, Mohammad Bagheri, muri\u00f3 en los bombardeos, as\u00ed como del deceso de Gholamali Rashid, un alto comandante de la Guardia Revolucionaria, y de seis cient\u00edficos nucleares, entre ellos Fereydoun Abbasi-Davani y Mohammad Mehdi Tehranchi.<\/p>\n\n\n\n<p>(Informaci\u00f3n de agencias internacionales en \u201cLa Jornada\u201d)<\/p>\n","protected":false},"excerpt":{"rendered":"<p>Redacci\u00f3n\/Zona Roja Cdmx. Ciudad de M\u00e9xico, a 13 de junio de 2025.- Israel afirm\u00f3 que&hellip;<\/p>\n","protected":false},"author":2,"featured_media":81306,"comment_status":"closed","ping_status":"open","sticky":false,"template":"","format":"standard","meta":{"_lmt_disableupdate":"","_lmt_disable":"","_jetpack_memberships_contains_paid_content":false,"footnotes":""},"categories":[109,47],"tags":[3909],"class_list":["post-81305","post","type-post","status-publish","format-standard","has-post-thumbnail","hentry","category-minuto-a-minuto","category-zona-gris","tag-guerra-iran-israel"],"jetpack_featured_media_url":"https:\/\/zonaroja.com.mx\/wp-content\/uploads\/2025\/06\/Ataca-Israel-a-Iran.avif","jetpack_sharing_enabled":true,"_links":{"self":[{"href":"https:\/\/zonaroja.com.mx\/index.php?rest_route=\/wp\/v2\/posts\/81305","targetHints":{"allow":["GET"]}}],"collection":[{"href":"https:\/\/zonaroja.com.mx\/index.php?rest_route=\/wp\/v2\/posts"}],"about":[{"href":"https:\/\/zonaroja.com.mx\/index.php?rest_route=\/wp\/v2\/types\/post"}],"author":[{"embeddable":true,"href":"https:\/\/zonaroja.com.mx\/index.php?rest_route=\/wp\/v2\/users\/2"}],"replies":[{"embeddable":true,"href":"https:\/\/zonaroja.com.mx\/index.php?rest_route=%2Fwp%2Fv2%2Fcomments&post=81305"}],"version-history":[{"count":1,"href":"https:\/\/zonaroja.com.mx\/index.php?rest_route=\/wp\/v2\/posts\/81305\/revisions"}],"predecessor-version":[{"id":81307,"href":"https:\/\/zonaroja.com.mx\/index.php?rest_route=\/wp\/v2\/posts\/81305\/revisions\/81307"}],"wp:featuredmedia":[{"embeddable":true,"href":"https:\/\/zonaroja.com.mx\/index.php?rest_route=\/wp\/v2\/media\/81306"}],"wp:attachment":[{"href":"https:\/\/zonaroja.com.mx\/index.php?rest_route=%2Fwp%2Fv2%2Fmedia&parent=81305"}],"wp:term":[{"taxonomy":"category","embeddable":true,"href":"https:\/\/zonaroja.com.mx\/index.php?rest_route=%2Fwp%2Fv2%2Fcategories&post=81305"},{"taxonomy":"post_tag","embeddable":true,"href":"https:\/\/zonaroja.com.mx\/index.php?rest_route=%2Fwp%2Fv2%2Ftags&post=81305"}],"curies":[{"name":"wp","href":"https:\/\/api.w.org\/{rel}","templated":true}]}}