{"id":81308,"date":"2025-06-13T10:33:00","date_gmt":"2025-06-13T16:33:00","guid":{"rendered":"https:\/\/zonaroja.com.mx\/?p=81308"},"modified":"2025-06-13T08:15:05","modified_gmt":"2025-06-13T14:15:05","slug":"cantante-alexa-chavez-representara-a-oaxaca-en-festival-de-zarzuela-en-espana","status":"publish","type":"post","link":"https:\/\/zonaroja.com.mx\/?p=81308","title":{"rendered":"Cantante Alexa Ch\u00e1vez representar\u00e1 a Oaxaca en festival de zarzuela en Espa\u00f1a"},"content":{"rendered":"\n<p>Lisbeth Mej\u00eda Reyes\/Zona Roja.<\/p>\n\n\n\n<p>Oaxaca, Oax., a 13 de junio de 2025.- La cantante oaxaque\u00f1a Alexa Ch\u00e1vez representar\u00e1 a Oaxaca en la sexta edici\u00f3n del festival Zarzuela Estudio Internacional, que se realizar\u00e1 del 1 al 15 de julio en las Islas Canarias, Espa\u00f1a.&nbsp;<\/p>\n\n\n\n<p>Para costear parte del viaje, ella y sus amigas de la Facultad de Bellas Artes, de la Universidad Aut\u00f3noma \u00abBenito Ju\u00e1rez\u201d de Oaxaca, han organizado un concierto. El recital ser\u00e1 este viernes, a las 18:00 horas, en la galer\u00eda Shinzaburo Takeda, de la facultad, en la ciudad de Oaxaca.<\/p>\n\n\n\n<p>\u00abLas artes, como humanos, nos unen, y qu\u00e9 mejor que por medio de las artes nos unamos como estudiantes y mujeres. Este es un acto de solidaridad de mis compa\u00f1eras, lo que agradezco mucho\u00bb, comenta Ch\u00e1vez, quien ser\u00e1 la \u00fanica representante del estado en el festival. Aunque tambi\u00e9n compartir\u00e1 participaci\u00f3n con otros artistas mexicanos y del mundo, cuenta la joven originaria de la ciudad de Oaxaca.<\/p>\n\n\n\n<p>Larissa Silva Garc\u00eda, pianista; M\u00f3nica Jim\u00e9nez, en el violonchelo; Alexa Ch\u00e1vez, cantante, y las violinistas Amy Palacios y Abril Blanco son las integrantes de Musas en la m\u00fasica, una iniciativa que surgi\u00f3 hace un a\u00f1o y ahora nuevamente se presenta en el concierto a beneficio. Aunque tienen m\u00e1s planes para difundir la m\u00fasica cl\u00e1sica y desde esta romper estereotipos, ya que las mujeres no solo pueden ser inspiraci\u00f3n sino las protagonistas, las int\u00e9rpretes y creadoras.<\/p>\n\n\n\n<p>Para Larissa, apoyar a Ch\u00e1vez es una experiencia enriquecedora, como tambi\u00e9n verla representando al estado de Oaxaca en otro pa\u00eds.<\/p>\n\n\n\n<p>Para Amy es un logro compartido, pues \u00abtodos, como m\u00fasicos, esperamos llevar nuestro arte lo m\u00e1s lejos que podamos\u00bb.<\/p>\n\n\n\n<p>En el concierto Musas en la M\u00fasica, las cinco int\u00e9rpretes se presentar\u00e1n con un programa variado para el que se ha sugerido un donativo de 100 pesos por asistente.&nbsp;<\/p>\n\n\n\n<p>Alexa Ch\u00e1vez cuenta con el apoyo de su familia para sufragar parte de los gastos, sin embargo, considera necesario el apoyo de la sociedad en general para lograr la meta, pues aunque se ha acercado a diversas instituciones no ha obtenido respuesta positiva. \u00abLamentablemente, en Oaxaca no hay mucho apoyo a las artes y espero que con este concierto se logre reunir algo\u00bb, expresa.<\/p>\n\n\n\n<p>Adem\u00e1s de este concierto, la sociedad tambi\u00e9n puede colaborar con Alexa, para lo cual puede contactarla en Facebook, donde aparece como Alexa Ch\u00e1vez.<\/p>\n","protected":false},"excerpt":{"rendered":"<p>Lisbeth Mej\u00eda Reyes\/Zona Roja. Oaxaca, Oax., a 13 de junio de 2025.- La cantante oaxaque\u00f1a&hellip;<\/p>\n","protected":false},"author":2,"featured_media":81309,"comment_status":"closed","ping_status":"open","sticky":false,"template":"","format":"standard","meta":{"_lmt_disableupdate":"","_lmt_disable":"","_jetpack_memberships_contains_paid_content":false,"footnotes":""},"categories":[109,46],"tags":[4336],"class_list":["post-81308","post","type-post","status-publish","format-standard","has-post-thumbnail","hentry","category-minuto-a-minuto","category-zona-blanca","tag-alexa-chavez"],"jetpack_featured_media_url":"https:\/\/zonaroja.com.mx\/wp-content\/uploads\/2025\/06\/Alexa-Chavez.jpg","jetpack_sharing_enabled":true,"_links":{"self":[{"href":"https:\/\/zonaroja.com.mx\/index.php?rest_route=\/wp\/v2\/posts\/81308","targetHints":{"allow":["GET"]}}],"collection":[{"href":"https:\/\/zonaroja.com.mx\/index.php?rest_route=\/wp\/v2\/posts"}],"about":[{"href":"https:\/\/zonaroja.com.mx\/index.php?rest_route=\/wp\/v2\/types\/post"}],"author":[{"embeddable":true,"href":"https:\/\/zonaroja.com.mx\/index.php?rest_route=\/wp\/v2\/users\/2"}],"replies":[{"embeddable":true,"href":"https:\/\/zonaroja.com.mx\/index.php?rest_route=%2Fwp%2Fv2%2Fcomments&post=81308"}],"version-history":[{"count":1,"href":"https:\/\/zonaroja.com.mx\/index.php?rest_route=\/wp\/v2\/posts\/81308\/revisions"}],"predecessor-version":[{"id":81310,"href":"https:\/\/zonaroja.com.mx\/index.php?rest_route=\/wp\/v2\/posts\/81308\/revisions\/81310"}],"wp:featuredmedia":[{"embeddable":true,"href":"https:\/\/zonaroja.com.mx\/index.php?rest_route=\/wp\/v2\/media\/81309"}],"wp:attachment":[{"href":"https:\/\/zonaroja.com.mx\/index.php?rest_route=%2Fwp%2Fv2%2Fmedia&parent=81308"}],"wp:term":[{"taxonomy":"category","embeddable":true,"href":"https:\/\/zonaroja.com.mx\/index.php?rest_route=%2Fwp%2Fv2%2Fcategories&post=81308"},{"taxonomy":"post_tag","embeddable":true,"href":"https:\/\/zonaroja.com.mx\/index.php?rest_route=%2Fwp%2Fv2%2Ftags&post=81308"}],"curies":[{"name":"wp","href":"https:\/\/api.w.org\/{rel}","templated":true}]}}