{"id":81329,"date":"2025-06-13T21:57:33","date_gmt":"2025-06-14T03:57:33","guid":{"rendered":"https:\/\/zonaroja.com.mx\/?p=81329"},"modified":"2025-06-13T21:57:35","modified_gmt":"2025-06-14T03:57:35","slug":"istmo-violento-dos-asesinados-asalto-a-comercio-y-taxi-incendiado","status":"publish","type":"post","link":"https:\/\/zonaroja.com.mx\/?p=81329","title":{"rendered":"Istmo violento: dos asesinados, asalto a comercio y taxi incendiado"},"content":{"rendered":"\n<p>Raymundo Morales\/Zona Roja.<\/p>\n\n\n\n<p>Oaxaca, Oax., a 13 de junio de 2025.- Una persona del sexo masculino fue ejecutada esta tarde-noche en el municipio de Juchit\u00e1n de Zaragoza.<\/p>\n\n\n\n<p>El crimen se perpetro en un campo deportivo de la colonia Lorenza Santiago, de la S\u00e9ptima Secci\u00f3n, donde fue acribillado un individuo identificado como Ernesto Antonio S. P., de unos 28 a\u00f1os de edad.<\/p>\n\n\n\n<p>El individuo era de oficio motorista y fue atacado mientras jugaba un partido de futbol; tras ello, los familiares se llevaron el cuerpo a su domicilio; no se tienen datos del o de los agresores.<\/p>\n\n\n\n<p>Horas antes, en la calle Jos\u00e9 F. G\u00f3mez, en pleno centro de Juchit\u00e1n, un taxi del sitio \u201cSanta Mar\u00eda Xadani\u201d fue incendiado, presuntamente tras negarse a pagar una cuota.<\/p>\n\n\n\n<p>Al menos sujetos armados interceptaron la unidad de motor y tras amenazar al chofer, prendieron fuego al veh\u00edculo; no hubo v\u00edctimas pero tampoco detenidos.<\/p>\n\n\n\n<p>Mientras tanto, la tarde de este viernes fue asaltado una sucursal de casa de empe\u00f1o en el centro del municipio de Salina Cruz.<\/p>\n\n\n\n<p>Los polic\u00edas de los tres niveles de gobierno arribaron a la zona, implementaron operativos de b\u00fasqueda, pero sin \u00e9xito; a\u00fan se desconoce el monto del asalto.<\/p>\n\n\n\n<p>En tanto, en la carretera Trans\u00edstmica, tramo La Ventosa-Mat\u00edas Romero, a la altura de la comunidad El Ajal, del municipio El Barrio de La Soledad, fue hallado un cuerpo sin vida.<\/p>\n\n\n\n<p>Presuntamente presenta varios impactos de arma de fuego, lo cual investigan las autoridades ministeriales; tampoco hay pistas del o de los agresores.<\/p>\n","protected":false},"excerpt":{"rendered":"<p>Raymundo Morales\/Zona Roja. Oaxaca, Oax., a 13 de junio de 2025.- Una persona del sexo&hellip;<\/p>\n","protected":false},"author":2,"featured_media":81330,"comment_status":"closed","ping_status":"open","sticky":false,"template":"","format":"standard","meta":{"_lmt_disableupdate":"","_lmt_disable":"","_jetpack_memberships_contains_paid_content":false,"footnotes":""},"categories":[109,51],"tags":[297],"class_list":["post-81329","post","type-post","status-publish","format-standard","has-post-thumbnail","hentry","category-minuto-a-minuto","category-zona-roja","tag-ejecutado-juchitan"],"jetpack_featured_media_url":"https:\/\/zonaroja.com.mx\/wp-content\/uploads\/2025\/06\/Asesinado-Matias-Romero.jpg","jetpack_sharing_enabled":true,"_links":{"self":[{"href":"https:\/\/zonaroja.com.mx\/index.php?rest_route=\/wp\/v2\/posts\/81329","targetHints":{"allow":["GET"]}}],"collection":[{"href":"https:\/\/zonaroja.com.mx\/index.php?rest_route=\/wp\/v2\/posts"}],"about":[{"href":"https:\/\/zonaroja.com.mx\/index.php?rest_route=\/wp\/v2\/types\/post"}],"author":[{"embeddable":true,"href":"https:\/\/zonaroja.com.mx\/index.php?rest_route=\/wp\/v2\/users\/2"}],"replies":[{"embeddable":true,"href":"https:\/\/zonaroja.com.mx\/index.php?rest_route=%2Fwp%2Fv2%2Fcomments&post=81329"}],"version-history":[{"count":1,"href":"https:\/\/zonaroja.com.mx\/index.php?rest_route=\/wp\/v2\/posts\/81329\/revisions"}],"predecessor-version":[{"id":81331,"href":"https:\/\/zonaroja.com.mx\/index.php?rest_route=\/wp\/v2\/posts\/81329\/revisions\/81331"}],"wp:featuredmedia":[{"embeddable":true,"href":"https:\/\/zonaroja.com.mx\/index.php?rest_route=\/wp\/v2\/media\/81330"}],"wp:attachment":[{"href":"https:\/\/zonaroja.com.mx\/index.php?rest_route=%2Fwp%2Fv2%2Fmedia&parent=81329"}],"wp:term":[{"taxonomy":"category","embeddable":true,"href":"https:\/\/zonaroja.com.mx\/index.php?rest_route=%2Fwp%2Fv2%2Fcategories&post=81329"},{"taxonomy":"post_tag","embeddable":true,"href":"https:\/\/zonaroja.com.mx\/index.php?rest_route=%2Fwp%2Fv2%2Ftags&post=81329"}],"curies":[{"name":"wp","href":"https:\/\/api.w.org\/{rel}","templated":true}]}}