{"id":81344,"date":"2025-06-14T10:30:00","date_gmt":"2025-06-14T16:30:00","guid":{"rendered":"https:\/\/zonaroja.com.mx\/?p=81344"},"modified":"2025-06-14T07:30:05","modified_gmt":"2025-06-14T13:30:05","slug":"por-que-israel-e-iran-estan-en-conflicto-las-claves","status":"publish","type":"post","link":"https:\/\/zonaroja.com.mx\/?p=81344","title":{"rendered":"\u00bfPor qu\u00e9 Israel e Ir\u00e1n est\u00e1n en conflicto? Las claves"},"content":{"rendered":"\n<p>Redacci\u00f3n\/Zona Roja Cdmx.<\/p>\n\n\n\n<p>Ciudad de M\u00e9xico, a 14 de junio de 2025.- Israel e Ir\u00e1n enfrentan una escalada en las tensiones en las \u00faltimas horas. Tel Aviv inici\u00f3 un ataque contra objetivos militares iran\u00edes, as\u00ed como instalaciones nucleares al considerarlo una amenaza.<\/p>\n\n\n\n<p>En respuesta, Ir\u00e1n atac\u00f3 decenas de misiles bal\u00edsticos en territorios ocupados, en la noche del viernes 13 de junio, sobre Jerusal\u00e9n y Tel Aviv, mientras la poblaci\u00f3n civil se resguardaba en refugios.<\/p>\n\n\n\n<p>El conflicto entre Israel e Ir\u00e1n se deriva no solo ante el temor del programa nuclear iran\u00ed, sino por una pugna ideol\u00f3gica y de geopol\u00edtica.<\/p>\n\n\n\n<p>En principio, no existe una guerra total formalmente hasta este viernes, pero s\u00ed existe una historia de hostilidades ideol\u00f3gicas y geopol\u00edticas<\/p>\n\n\n\n<p>1. Revoluci\u00f3n Iran\u00ed de 1979<\/p>\n\n\n\n<p>Ir\u00e1n e Israel fueron aliados hasta 1979, a\u00f1o de la Revoluci\u00f3n Iran\u00ed, seg\u00fan dieron a conocer acad\u00e9micos de la Universidad de Stanford a CNN.<\/p>\n\n\n\n<p>Israel e Ir\u00e1n manten\u00edan relaciones cordiales bajo el r\u00e9gimen del Shah. Sin embargo, tras la Revoluci\u00f3n Isl\u00e1mica, el nuevo gobierno liderado por el ayatol\u00e1 Ruhollah Musavi Jomeini adopt\u00f3 una postura antiisrael\u00ed.<\/p>\n\n\n\n<p>El ayatol\u00e1 rechaz\u00f3 la legitimidad de Israel como Estado y apoy\u00f3 la causa palestina como parte de su narrativa ideol\u00f3gica, por lo que Ir\u00e1n respald\u00f3 a grupos militantes anti israel\u00edes, como Hezbol\u00e1 en L\u00edbano y Ham\u00e1s en Gaza.<\/p>\n\n\n\n<p>2. El programa nuclear de Ir\u00e1n<\/p>\n\n\n\n<p>Israel considera el programa nuclear de Ir\u00e1n como una amenaza por la ret\u00f3rica de l\u00edderes iran\u00edes que han abogado por la destrucci\u00f3n de Israel.<\/p>\n\n\n\n<p>Y es que teme que Ir\u00e1n desarrolle armas nucleares, lo que alterar\u00eda el equilibrio de poder en la regi\u00f3n, dado que Israel es ampliamente reconocido como la \u00fanica potencia nuclear en Medio Oriente.<\/p>\n\n\n\n<p>Ante esta amenaza, es que Israel inici\u00f3 ataques contra instalaciones nucleares iran\u00edes en Natanz, lo que ha provocado la muerte de figuras clave de las Fuerzas Armadas y cient\u00edficos del programa nuclear de Teher\u00e1n.<\/p>\n\n\n\n<p>De acuerdo con la BBC, Israel considera que Ir\u00e1n plantea una amenaza existencial, y afirman que prueba de ello ser\u00eda su acumulaci\u00f3n de fuerzas comprometidas con la destrucci\u00f3n de Israel, la financiaci\u00f3n y armamento de grupos palestinos, incluidos Ham\u00e1s y grupos armados como Hezbol\u00e1.<\/p>\n\n\n\n<p>3. La balanza favorece a Israel<\/p>\n\n\n\n<p>Claude Moniquet, experto en Seguridad, se\u00f1al\u00f3 a Euronews que tras la baja de figuras clave de las Fuerzas Armadas iran\u00edes, Teher\u00e1n se encamina al fracaso militar, pues tiene una limitada capacidad para contraatacar a Israel.<\/p>\n\n\n\n<p>De acuerdo con el experto, quien fue oficial de inteligencia en los servicios franceses, estos ataques de guerra se esperaban desde hace 25 a\u00f1os, pues Tel Aviv llevaba todo ese tiempo afirmando que no tolerar\u00eda que su adversario tuviera una bomba at\u00f3mica que amenazara a su territorio.<\/p>\n\n\n\n<p>Moniquet consider\u00f3 que no se descarta la posibilidad de una guerra a gran escala en la regi\u00f3n, sin embargo sentenci\u00f3 que Ir\u00e1n tiene capacidades limitadas para responder.<\/p>\n\n\n\n<p>4. Conflictos internos en Israel<\/p>\n\n\n\n<p>El primer ministro de Israel, Benjamin Netanyahu, ha sido acusado de usar el conflicto con Ir\u00e1n para consolidar su poder pol\u00edtico, especialmente en medio de cr\u00edticas por su manejo de la guerra en Gaza y casos de corrupci\u00f3n.<\/p>\n\n\n\n<p>Incluso Estados Unidos reprendi\u00f3 al gobierno israel\u00ed por actuar de manera unilateral, pues en ese territorio se encuentran elementos estadounidenses.<\/p>\n\n\n\n<p>\u201cEsta noche, Israel ha emprendido una acci\u00f3n unilateral contra Ir\u00e1n. No participamos en ataques contra Ir\u00e1n y nuestra m\u00e1xima prioridad es proteger a las fuerzas estadounidenses en la regi\u00f3n. Israel nos inform\u00f3 que creen esta acci\u00f3n era necesaria para su autodefensa\u201d, indic\u00f3 el secretario de Estado de EUA, Marco Rubio.<\/p>\n\n\n\n<p>5. Asesinatos y ataques a l\u00edderes<\/p>\n\n\n\n<p>A la escalada del conflicto entre Israel e Ir\u00e1n le preceden hechos como el asesinato de l\u00edderes de Ham\u00e1s, as\u00ed como la guerra en Gaza por parte Israel.<\/p>\n\n\n\n<p>El l\u00edder supremo de Ir\u00e1n, el ayatol\u00e1 Al\u00ed Jamenei, afirm\u00f3 que Israel inici\u00f3 una guerra, adem\u00e1s advirti\u00f3 que no se le permitir\u00e1 realizar ataques rel\u00e1mpago sin graves consecuencias.<\/p>\n\n\n\n<p>Y es que en julio de 2024, se registr\u00f3 el asesinato del l\u00edder de Ham\u00e1s, Ismail Haniyeh en Teher\u00e1n, as\u00ed como Fuad Shukr, comandante del grupo paramilitar Hezbol\u00e1, en L\u00edbano, lo que ocasion\u00f3 que Ir\u00e1n amenazara con represalias.<\/p>\n\n\n\n<p>Desde octubre de 2024 y ahora en junio, Israel ha iniciado bombardeos contra instalaciones militares y nucleares en Ir\u00e1n, esta \u00faltima provocando una reacci\u00f3n inmediata por parte de Teher\u00e1n.<\/p>\n\n\n\n<p>(Informaci\u00f3n de Pol\u00edtico.Mx)<\/p>\n","protected":false},"excerpt":{"rendered":"<p>Redacci\u00f3n\/Zona Roja Cdmx. Ciudad de M\u00e9xico, a 14 de junio de 2025.- Israel e Ir\u00e1n&hellip;<\/p>\n","protected":false},"author":2,"featured_media":81334,"comment_status":"closed","ping_status":"open","sticky":false,"template":"","format":"standard","meta":{"_lmt_disableupdate":"","_lmt_disable":"","_jetpack_memberships_contains_paid_content":false,"footnotes":""},"categories":[109,47],"tags":[3909],"class_list":["post-81344","post","type-post","status-publish","format-standard","has-post-thumbnail","hentry","category-minuto-a-minuto","category-zona-gris","tag-guerra-iran-israel"],"jetpack_featured_media_url":"https:\/\/zonaroja.com.mx\/wp-content\/uploads\/2025\/06\/Israel-Iran-guerra-ataques-aereos.jpg","jetpack_sharing_enabled":true,"_links":{"self":[{"href":"https:\/\/zonaroja.com.mx\/index.php?rest_route=\/wp\/v2\/posts\/81344","targetHints":{"allow":["GET"]}}],"collection":[{"href":"https:\/\/zonaroja.com.mx\/index.php?rest_route=\/wp\/v2\/posts"}],"about":[{"href":"https:\/\/zonaroja.com.mx\/index.php?rest_route=\/wp\/v2\/types\/post"}],"author":[{"embeddable":true,"href":"https:\/\/zonaroja.com.mx\/index.php?rest_route=\/wp\/v2\/users\/2"}],"replies":[{"embeddable":true,"href":"https:\/\/zonaroja.com.mx\/index.php?rest_route=%2Fwp%2Fv2%2Fcomments&post=81344"}],"version-history":[{"count":1,"href":"https:\/\/zonaroja.com.mx\/index.php?rest_route=\/wp\/v2\/posts\/81344\/revisions"}],"predecessor-version":[{"id":81345,"href":"https:\/\/zonaroja.com.mx\/index.php?rest_route=\/wp\/v2\/posts\/81344\/revisions\/81345"}],"wp:featuredmedia":[{"embeddable":true,"href":"https:\/\/zonaroja.com.mx\/index.php?rest_route=\/wp\/v2\/media\/81334"}],"wp:attachment":[{"href":"https:\/\/zonaroja.com.mx\/index.php?rest_route=%2Fwp%2Fv2%2Fmedia&parent=81344"}],"wp:term":[{"taxonomy":"category","embeddable":true,"href":"https:\/\/zonaroja.com.mx\/index.php?rest_route=%2Fwp%2Fv2%2Fcategories&post=81344"},{"taxonomy":"post_tag","embeddable":true,"href":"https:\/\/zonaroja.com.mx\/index.php?rest_route=%2Fwp%2Fv2%2Ftags&post=81344"}],"curies":[{"name":"wp","href":"https:\/\/api.w.org\/{rel}","templated":true}]}}