{"id":81354,"date":"2025-06-14T13:30:00","date_gmt":"2025-06-14T19:30:00","guid":{"rendered":"https:\/\/zonaroja.com.mx\/?p=81354"},"modified":"2025-06-14T07:48:01","modified_gmt":"2025-06-14T13:48:01","slug":"intensifican-persecucion-judicial-contra-mas-de-200-mazatecos-de-oaxaca","status":"publish","type":"post","link":"https:\/\/zonaroja.com.mx\/?p=81354","title":{"rendered":"Intensifican persecuci\u00f3n judicial contra m\u00e1s de 200 mazatecos de Oaxaca"},"content":{"rendered":"\n<p>Redacci\u00f3n\/Estado 20.<\/p>\n\n\n\n<p>Oaxaca, Oax., a 14 de junio de 2025.- Mujeres Mazatecas por la Libertad informaron que la Segunda Sala Penal del Tribunal Superior de Justicia de Oaxaca confirm\u00f3 oficialmente que existen m\u00e1s de 200 \u00f3rdenes de aprehensi\u00f3n contra habitantes de la comunidad mazateca de Eloxochitl\u00e1n de Flores Mag\u00f3n, Oaxaca.<\/p>\n\n\n\n<p>Entre las \u00f3rdenes de aprehensi\u00f3n, se encuentran ocho en contra de igual n\u00famero de mujeres mazatecas defensoras que han sido perseguidas y ahora enfrentan cinco acusaciones por cada una de ellas.<\/p>\n\n\n\n<p>La persecuci\u00f3n y criminalizaci\u00f3n contra los habitantes mazatecos, denunci\u00f3 Mujeres Mazatecas por la Libertad, ha perdurado por m\u00e1s de una d\u00e9cada, desde que en diciembre de 2014, en un enfrentamiento de la comunidad contra el poder caciquil de Manuel Zepeda donde falleci\u00f3 su hijo, Manuel Zepeda Lagunas.<\/p>\n\n\n\n<p>Estas \u00f3rdenes de aprehensi\u00f3n, se\u00f1alaron, est\u00e1n dirigidas en contra de personas que han demostrado su inocencia a lo largo de todos estos a\u00f1os y que en varios de los casos no se encontraban en el lugar. De hecho, apuntaron, en los \u00faltimos a\u00f1os han obtenido m\u00e1s de 13 amparos y m\u00e1s de 25 resoluciones de libertad a su favor.<\/p>\n\n\n\n<p>Por ello, sostuvieron que se trata de una maniobra pol\u00edtica y tr\u00e1fico de influencias a favor de la diputada local de Morena, Eliza Zepeda, porque se oponen al control pol\u00edtico de Manuel Zepeda en la comunidad, y quien es padre de la legisladora morenista.<\/p>\n\n\n\n<p>\u201cEloxochitl\u00e1n, sus mujeres defensoras, las familias representativas de todas las localidades, contin\u00faan en estado de emergencia, viven un recrudecimiento de la violencia de Estado para paralizar la defensa de su r\u00edo, territorio y autonom\u00eda. La exigencia ante los jueces federales de Boca del R\u00edo, cobra toda la relevancia para poner fin a la criminalizaci\u00f3n de m\u00e1s de una d\u00e9cada\u201d se\u00f1alaron.<\/p>\n\n\n\n<p>El Observatorio Memoria y Libertad, por su parte, anunci\u00f3 la realizaci\u00f3n junto a diversas organizaciones y colectividades de la Primera Misi\u00f3n de Observaci\u00f3n en Eloxochitl\u00e1n de Flores Mag\u00f3n, que se llevara a cabo el pr\u00f3ximo 20, 21 y 22 de junio con el fin de documentar las graves violaciones a derechos humanos que permitan avanzar en las denuncias nacionales e internaciones.<\/p>\n\n\n\n<p>Adem\u00e1s, para visibilizar el ecocidio del R\u00edo Xanga Nd\u00e1 Ge, devastado por proyectos extractivos que denuncian es encabezado por el cacique de Manuel Zepeda Cort\u00e9s y su hija, la diputada Elisa Zepeda.<\/p>\n","protected":false},"excerpt":{"rendered":"<p>Redacci\u00f3n\/Estado 20. Oaxaca, Oax., a 14 de junio de 2025.- Mujeres Mazatecas por la Libertad&hellip;<\/p>\n","protected":false},"author":2,"featured_media":81336,"comment_status":"closed","ping_status":"open","sticky":false,"template":"","format":"standard","meta":{"_lmt_disableupdate":"","_lmt_disable":"","_jetpack_memberships_contains_paid_content":false,"footnotes":""},"categories":[109,47],"tags":[719],"class_list":["post-81354","post","type-post","status-publish","format-standard","has-post-thumbnail","hentry","category-minuto-a-minuto","category-zona-gris","tag-eloxochitlan-de-flores-magon"],"jetpack_featured_media_url":"https:\/\/zonaroja.com.mx\/wp-content\/uploads\/2025\/06\/Eloxochitlan-de-Flores-Magon.jpg","jetpack_sharing_enabled":true,"_links":{"self":[{"href":"https:\/\/zonaroja.com.mx\/index.php?rest_route=\/wp\/v2\/posts\/81354","targetHints":{"allow":["GET"]}}],"collection":[{"href":"https:\/\/zonaroja.com.mx\/index.php?rest_route=\/wp\/v2\/posts"}],"about":[{"href":"https:\/\/zonaroja.com.mx\/index.php?rest_route=\/wp\/v2\/types\/post"}],"author":[{"embeddable":true,"href":"https:\/\/zonaroja.com.mx\/index.php?rest_route=\/wp\/v2\/users\/2"}],"replies":[{"embeddable":true,"href":"https:\/\/zonaroja.com.mx\/index.php?rest_route=%2Fwp%2Fv2%2Fcomments&post=81354"}],"version-history":[{"count":1,"href":"https:\/\/zonaroja.com.mx\/index.php?rest_route=\/wp\/v2\/posts\/81354\/revisions"}],"predecessor-version":[{"id":81355,"href":"https:\/\/zonaroja.com.mx\/index.php?rest_route=\/wp\/v2\/posts\/81354\/revisions\/81355"}],"wp:featuredmedia":[{"embeddable":true,"href":"https:\/\/zonaroja.com.mx\/index.php?rest_route=\/wp\/v2\/media\/81336"}],"wp:attachment":[{"href":"https:\/\/zonaroja.com.mx\/index.php?rest_route=%2Fwp%2Fv2%2Fmedia&parent=81354"}],"wp:term":[{"taxonomy":"category","embeddable":true,"href":"https:\/\/zonaroja.com.mx\/index.php?rest_route=%2Fwp%2Fv2%2Fcategories&post=81354"},{"taxonomy":"post_tag","embeddable":true,"href":"https:\/\/zonaroja.com.mx\/index.php?rest_route=%2Fwp%2Fv2%2Ftags&post=81354"}],"curies":[{"name":"wp","href":"https:\/\/api.w.org\/{rel}","templated":true}]}}