{"id":81361,"date":"2025-06-14T20:00:52","date_gmt":"2025-06-15T02:00:52","guid":{"rendered":"https:\/\/zonaroja.com.mx\/?p=81361"},"modified":"2025-06-14T20:04:31","modified_gmt":"2025-06-15T02:04:31","slug":"uro-vera-salinas-franco-y-rueda-pacheco-19-anos-despues-del-fallido-desalojo-del-2006-en-oaxaca","status":"publish","type":"post","link":"https:\/\/zonaroja.com.mx\/?p=81361","title":{"rendered":"URO, Vera Salinas, Franco, Flavio y Rueda Pacheco, 19 a\u00f1os despu\u00e9s del fallido desalojo del 2006"},"content":{"rendered":"\n<p>Lisbeth Mej\u00eda Reyes\/Zona Roja.&nbsp;<\/p>\n\n\n\n<p>Oaxaca, Oax., a 14 de junio de 2025.- La Secci\u00f3n 22 lo bautiz\u00f3 como \u00abel carnicero de Antequera\u00bb y ahora \u00e9l se presenta como el coordinador general de M\u00e9xico Nuevo, instituto que busca convertirse en un partido pol\u00edtico en el pa\u00eds.&nbsp;<\/p>\n\n\n\n<p>Han pasado 19 a\u00f1os de aquel fallido desalojo que la administraci\u00f3n del entonces gobernador Ulises Ruiz Ortiz (URO) perpetr\u00f3 en contra del plant\u00f3n de la Secci\u00f3n 22 del Sindicato Nacional de Trabajadores de la Educaci\u00f3n (SNTE) y de la Coordinadora Nacional de Trabajadores de la Educaci\u00f3n (CNTE) en la capital oaxaque\u00f1a.&nbsp;<\/p>\n\n\n\n<p>Sin embargo, el magisterio lo recuerda como uno de los responsables de la represi\u00f3n de aquel 2006. Y junto a su nombre resuenan los de Jos\u00e9 Manuel Vera Salinas, Jorge Franco Vargas y Enrique Rueda Pacheco.<\/p>\n\n\n\n<p>Tras su paso por la gubernatura de Oaxaca (2004-2010), el originario de Chalcatongo de Hidalgo sigui\u00f3 su carrera pol\u00edtica de la mano del Partido Revolucionario Institucional (PRI) hasta su expulsi\u00f3n en 2021.&nbsp;<\/p>\n\n\n\n<p>En 2023, Ulises Ruiz se destap\u00f3 como candidato independiente para la presidencia del pa\u00eds y en oposici\u00f3n a Morena, aunque tambi\u00e9n promovi\u00f3 el voto a favor de la ex candidata X\u00f3chitl G\u00e1lvez. Y ahora, como coordinador del movimiento M\u00e9xico Nuevo, busca contender en las pr\u00f3ximas elecciones presidenciales.<\/p>\n\n\n\n<p>Jorge Franco Vargas, conocido como el \u00abChucky\u00bb y quien fuera secretario de Gobierno con Ulises Ruiz Ortiz, falleci\u00f3 en mayo del 2024 en Texas, Estados Unidos. Al igual que Ruiz Ortiz dej\u00f3 las filas del partido tricolor, en el que fue dirigente, para mostrar su apoyo al ex presidente Andr\u00e9s Manuel L\u00f3pez Obrador en las contiendas del 2018.<\/p>\n\n\n\n<p>Aunque su llegada a Oaxaca fue con el ex gobernador Jos\u00e9 Murat, el teniente de nav\u00edo Jos\u00e9 Manuel Vera Salinas ocup\u00f3 en el 2006 el cargo de director de Seguridad P\u00fablica de Oaxaca y bajo el mando de Ruiz Ortiz encabez\u00f3 el fallido desalojo del 14 de junio de aquel a\u00f1o en contra del magisterio.<\/p>\n\n\n\n<p>Tambi\u00e9n se le acus\u00f3 de las llamadas caravanas de la muerte en contra de la Asamblea Popular de los Pueblos de Oaxaca (APPO), organizaci\u00f3n que junto con la Secci\u00f3n 22 del SNTE-CNTE lider\u00f3 el movimiento pol\u00edtico social de ese a\u00f1o en Oaxaca y que marc\u00f3 un parte aguas en la historia de la entidad.<\/p>\n\n\n\n<p>Pero Vera se mantuvo en la funci\u00f3n p\u00fablica incluso tras esos se\u00f1alamientos y el informe de la Comisi\u00f3n de la Verdad (2017). Con Alejandro Murat Hinojosa, hijo del ex gobernador Jos\u00e9 Murat, Vera Salinas fue titular del Secretariado Ejecutivo del Sistema de Seguridad P\u00fablica. Actualmente mantiene un perfil bajo y se desconoce si est\u00e1 en la administraci\u00f3n p\u00fablica.<\/p>\n\n\n\n<p>De Enrique Rueda Pacheco, quien fue secretario general de la Secci\u00f3n 22 en 2006 y dimiti\u00f3 en febrero 2007, surgi\u00f3 el a\u00f1o pasado un video en el que se le observa con Jorge Franco Vargas, el ex secretario de Gobierno de Ulises Ruiz.<\/p>\n\n\n\n<p>Las im\u00e1genes, que corresponden al 2006, muestran a Rueda presuntamente recibiendo una parte de los 75 millones que hab\u00edan pactado con el gobierno de Ruiz Ortiz para traicionar al movimiento magisterial. Sin embargo, Rueda dej\u00f3 el pa\u00eds y aunque su paradero es incierto, se presume que solicit\u00f3 asilo en Canad\u00e1 y que radica en ese pa\u00eds.<\/p>\n\n\n\n<p>Mientras que Flavio Sosa Villavicencio, cabeza visible de la APPO, tras ser excarcelado, a\u00f1os despu\u00e9s fue diputado local. <\/p>\n\n\n\n<p>En el sexenio de Salom\u00f3n Jara Cruz, primero fue encargado de Despacho de la Jefatura de Gabinete y ahora secretario de las Culturas y Artes. <\/p>\n","protected":false},"excerpt":{"rendered":"<p>Lisbeth Mej\u00eda Reyes\/Zona Roja.&nbsp; Oaxaca, Oax., a 14 de junio de 2025.- La Secci\u00f3n 22&hellip;<\/p>\n","protected":false},"author":2,"featured_media":81360,"comment_status":"closed","ping_status":"open","sticky":false,"template":"","format":"standard","meta":{"_lmt_disableupdate":"","_lmt_disable":"","_jetpack_memberships_contains_paid_content":false,"footnotes":""},"categories":[109,47],"tags":[],"class_list":["post-81361","post","type-post","status-publish","format-standard","has-post-thumbnail","hentry","category-minuto-a-minuto","category-zona-gris"],"jetpack_featured_media_url":"https:\/\/zonaroja.com.mx\/wp-content\/uploads\/2025\/06\/b67bb47d-6fa8-4798-adff-dae9b7bd41b6-1.jpg","jetpack_sharing_enabled":true,"_links":{"self":[{"href":"https:\/\/zonaroja.com.mx\/index.php?rest_route=\/wp\/v2\/posts\/81361","targetHints":{"allow":["GET"]}}],"collection":[{"href":"https:\/\/zonaroja.com.mx\/index.php?rest_route=\/wp\/v2\/posts"}],"about":[{"href":"https:\/\/zonaroja.com.mx\/index.php?rest_route=\/wp\/v2\/types\/post"}],"author":[{"embeddable":true,"href":"https:\/\/zonaroja.com.mx\/index.php?rest_route=\/wp\/v2\/users\/2"}],"replies":[{"embeddable":true,"href":"https:\/\/zonaroja.com.mx\/index.php?rest_route=%2Fwp%2Fv2%2Fcomments&post=81361"}],"version-history":[{"count":2,"href":"https:\/\/zonaroja.com.mx\/index.php?rest_route=\/wp\/v2\/posts\/81361\/revisions"}],"predecessor-version":[{"id":81363,"href":"https:\/\/zonaroja.com.mx\/index.php?rest_route=\/wp\/v2\/posts\/81361\/revisions\/81363"}],"wp:featuredmedia":[{"embeddable":true,"href":"https:\/\/zonaroja.com.mx\/index.php?rest_route=\/wp\/v2\/media\/81360"}],"wp:attachment":[{"href":"https:\/\/zonaroja.com.mx\/index.php?rest_route=%2Fwp%2Fv2%2Fmedia&parent=81361"}],"wp:term":[{"taxonomy":"category","embeddable":true,"href":"https:\/\/zonaroja.com.mx\/index.php?rest_route=%2Fwp%2Fv2%2Fcategories&post=81361"},{"taxonomy":"post_tag","embeddable":true,"href":"https:\/\/zonaroja.com.mx\/index.php?rest_route=%2Fwp%2Fv2%2Ftags&post=81361"}],"curies":[{"name":"wp","href":"https:\/\/api.w.org\/{rel}","templated":true}]}}