{"id":8137,"date":"2020-01-28T08:41:21","date_gmt":"2020-01-28T14:41:21","guid":{"rendered":"http:\/\/www.zonaroja.com.mx\/?p=8137"},"modified":"2020-01-28T08:41:24","modified_gmt":"2020-01-28T14:41:24","slug":"van-397-feminicidios-en-sexenio-de-murat-32-en-contra-de-ninas-y-adolescentes","status":"publish","type":"post","link":"https:\/\/zonaroja.com.mx\/?p=8137","title":{"rendered":"Van 397 feminicidios en sexenio de Murat; 32 en contra de ni\u00f1as y adolescentes"},"content":{"rendered":"\n<p>Evlin Arag\u00f3n\/Zona Roja.<\/p>\n\n\n\n<p>Oaxaca de Ju\u00e1rez, Oax., 28 de enero de\n2020.- Con el reciente ataque armado en contra de una madre de familia junto\ncon dos de sus hijas de dos y siete a\u00f1os de edad en el municipio de Santiago\nIxtlayutla, as\u00ed como una mujer asesinada ayer en Tuxtepec, la cifra de\nfeminicidios subi\u00f3 a 16 mujeres asesinadas en lo que va del 2020, una cada dos\nd\u00edas en promedio. <\/p>\n\n\n\n<p>En total se han registrado 396 casos en\nlo que va de la administraci\u00f3n de Alejandro Murat Hinojosa, de los cuales 32\nfueron cometidos en contra de ni\u00f1as y adolescentes, de acuerdo con la\ninformaci\u00f3n proporcionada por Consorcio Oaxaca, que realiza un recuento basado\nen las publicaciones de los diarios de mayor circulaci\u00f3n en la entidad.<\/p>\n\n\n\n<p>El triple feminicidio que constern\u00f3 a la\npoblaci\u00f3n oaxaque\u00f1a se registr\u00f3 la tarde del s\u00e1bado en la localidad El Huamuche\nperteneciente al municipio de Santiago Ixtayutla en la regi\u00f3n de la Costa,\ncuanto un ataque armado termin\u00f3 con la vida de Teresa Q.M., y sus dos peque\u00f1as\nhijas de dos y siete a\u00f1os, adem\u00e1s de dejar otras cinco personas lesionadas,\nentre ellas dos ni\u00f1os.<\/p>\n\n\n\n<p>La Fiscal\u00eda General del Estado inform\u00f3\nque por estos hechos, activ\u00f3 el Protocolo de Investigaci\u00f3n Ministerial,\nPolicial y Pericial del delito de Feminicidio, e inici\u00f3 las diligencias\nrespectivas.<\/p>\n\n\n\n<p>CR\u00cdMENES DE ODIO<\/p>\n\n\n\n<p>Consorcio Oaxaca responsabiliz\u00f3 al\nGobierno del Estado de estos cr\u00edmenes de odio ya que no ha logrado generar\npol\u00edticas p\u00fablicas que garanticen la vida y seguridad de las mujeres. <\/p>\n\n\n\n<p>As\u00ed mismo, exigi\u00f3 a la Fiscal\u00eda de\nOaxaca que se investigue con perspectiva de g\u00e9nero y se facilite el acceso a la\njusticia para la familia de las v\u00edctimas.<\/p>\n\n\n\n<p>En este mismo sentido se pronunciaron\norganizaciones sociales como Comuna y el Grupo de Estudios Sobre la Mujer \u201cGes\nMujer\u201d, esta \u00faltima asegur\u00f3 que podr\u00eda tratarse de feminicidio infantil\nderivado de la falta de pol\u00edticas p\u00fablicas de prevenci\u00f3n, atenci\u00f3n y sanci\u00f3n de\nla violencia hacia las mujeres y las ni\u00f1as, en perjuicio de estas. <\/p>\n\n\n\n<p>De igual forma la Defensor\u00eda de los\nDerechos Humanos del Pueblo de Oaxaca se pronunci\u00f3 contra los hechos y exigi\u00f3\nla actuaci\u00f3n inmediata de las autoridades para dar con el paradero de los\nautores del crimen y procurar justicia para la familia atacada. <\/p>\n\n\n\n<p>Ayer en un bar del Ejido San Bartolo de\nSan Juan Bautista Tuxtepec, fue ultimada a balazos una mujer.<\/p>\n\n\n\n<p>Previo a estos ataques, el martes 21 de\nenero, Refugia M.R., de 51 a\u00f1os de edad fue asesinada a balazos al interior de\nuna tienda de materiales denominada \u201cLa \u00danica\u201d en Santo Domingo de Morelos,\nmunicipio de la regi\u00f3n Costa de Oaxaca, sus agresores se dieron a la fuga.<\/p>\n\n\n\n<p>D\u00edas antes, en el marco de la visita de\nAndr\u00e9s Manuel L\u00f3pez Obrador, una madre de familia y su joven hija fueron\nasesinadas en Putla Villa de Guerrero, municipio de la regi\u00f3n Sierra Sur de\nOaxaca. <\/p>\n\n\n\n<p>Las mujeres fueron identificadas como\nLuisa Patricia S. J., de 51 a\u00f1os de edad, y Laura R. S., de 23 a\u00f1os, ultimadas\npor disparos de arma de fuego en una vivienda ubicada en la calle Gardenias,\ndel fraccionamiento Bosques de las Lomas.<\/p>\n\n\n\n<p>El ataque armado se ha convertido en la\nprincipal causa de muerte de las mujeres v\u00edctimas de feminicidios, mientras que\nlas regiones del Istmo, Cuenca y Costa siguen siendo las de mayor incidencia de\nviolencia feminicida en la entidad oaxaque\u00f1a, la cual no cesa pese a la\ndeclaratoria de Alerta de Violencia de G\u00e9nero en 40 municipios emitida en\nagosto del 2018 y cuyas medidas de emergencia no han impactado en la reducci\u00f3n\nde casos y la atenci\u00f3n integral de la problem\u00e1tica. <\/p>\n","protected":false},"excerpt":{"rendered":"<p>Evlin Arag\u00f3n\/Zona Roja. Oaxaca de Ju\u00e1rez, Oax., 28 de enero de 2020.- Con el reciente&hellip;<\/p>\n","protected":false},"author":2,"featured_media":1831,"comment_status":"closed","ping_status":"open","sticky":false,"template":"","format":"standard","meta":{"_lmt_disableupdate":"","_lmt_disable":"","_jetpack_memberships_contains_paid_content":false,"footnotes":""},"categories":[109,51],"tags":[610],"class_list":["post-8137","post","type-post","status-publish","format-standard","has-post-thumbnail","hentry","category-minuto-a-minuto","category-zona-roja","tag-feminicidios-oaxaca"],"jetpack_featured_media_url":"https:\/\/zonaroja.com.mx\/wp-content\/uploads\/2019\/06\/b4ba5c32-3367-45f3-a28d-fd1a5fa0e458.jpg","jetpack_sharing_enabled":true,"_links":{"self":[{"href":"https:\/\/zonaroja.com.mx\/index.php?rest_route=\/wp\/v2\/posts\/8137","targetHints":{"allow":["GET"]}}],"collection":[{"href":"https:\/\/zonaroja.com.mx\/index.php?rest_route=\/wp\/v2\/posts"}],"about":[{"href":"https:\/\/zonaroja.com.mx\/index.php?rest_route=\/wp\/v2\/types\/post"}],"author":[{"embeddable":true,"href":"https:\/\/zonaroja.com.mx\/index.php?rest_route=\/wp\/v2\/users\/2"}],"replies":[{"embeddable":true,"href":"https:\/\/zonaroja.com.mx\/index.php?rest_route=%2Fwp%2Fv2%2Fcomments&post=8137"}],"version-history":[{"count":1,"href":"https:\/\/zonaroja.com.mx\/index.php?rest_route=\/wp\/v2\/posts\/8137\/revisions"}],"predecessor-version":[{"id":8138,"href":"https:\/\/zonaroja.com.mx\/index.php?rest_route=\/wp\/v2\/posts\/8137\/revisions\/8138"}],"wp:featuredmedia":[{"embeddable":true,"href":"https:\/\/zonaroja.com.mx\/index.php?rest_route=\/wp\/v2\/media\/1831"}],"wp:attachment":[{"href":"https:\/\/zonaroja.com.mx\/index.php?rest_route=%2Fwp%2Fv2%2Fmedia&parent=8137"}],"wp:term":[{"taxonomy":"category","embeddable":true,"href":"https:\/\/zonaroja.com.mx\/index.php?rest_route=%2Fwp%2Fv2%2Fcategories&post=8137"},{"taxonomy":"post_tag","embeddable":true,"href":"https:\/\/zonaroja.com.mx\/index.php?rest_route=%2Fwp%2Fv2%2Ftags&post=8137"}],"curies":[{"name":"wp","href":"https:\/\/api.w.org\/{rel}","templated":true}]}}