{"id":81372,"date":"2025-06-15T09:45:00","date_gmt":"2025-06-15T15:45:00","guid":{"rendered":"https:\/\/zonaroja.com.mx\/?p=81372"},"modified":"2025-06-15T06:57:53","modified_gmt":"2025-06-15T12:57:53","slug":"alarma-cobro-de-piso-en-municipios-de-la-region-del-istmo","status":"publish","type":"post","link":"https:\/\/zonaroja.com.mx\/?p=81372","title":{"rendered":"Alarma \u201ccobro de piso\u00bb en municipios de la regi\u00f3n del Istmo"},"content":{"rendered":"\n<p>Ismael Garc\u00eda M.\/Zona Roja.<\/p>\n\n\n\n<p>Oaxaca, Oax., a 15 de 2025.- Adem\u00e1s de la incesante ola de cr\u00edmenes, crece tambi\u00e9n el \u201ccobro de piso\u201d y extorsiones a comercios y empresas en la regi\u00f3n del Istmo de Tehuantepec, Oaxaca.<\/p>\n\n\n\n<p>Este fin de semana, a trav\u00e9s de las redes sociales, un ciudadano de El Espinal dio a conocer en una publicaci\u00f3n en redes sociales el cierre de su negocio \u201cPhonito\u201d, de venta y reparaci\u00f3n de tel\u00e9fonos celulares, debido a constantes amenazas que ahora se tradujeron en ataque a balazos a la fachada del negocio.<\/p>\n\n\n\n<p>\u201cLamento profundamente el hacer p\u00fablica la situaci\u00f3n que hoy enfrenta mi familia, pues hemos sido amenazados de muerte por el \u2018cobro de piso\u00b4 del negocio de reparaci\u00f3n de celulares y souvenirs que es conocido por todos ustedes, (\u2018Phonito\u2019) un negocio que naci\u00f3 de un sue\u00f1o de poder salir adelante, buscando pr\u00e9stamos e invirtiendo poco a poco.<\/p>\n\n\n\n<p>\u201cDesde hace muchos a\u00f1os han sido testigos del esfuerzo que mi madre ha hecho por nosotros sus hijos, viviendo al d\u00eda y con muchos sacrificios. Hoy nuestro negocio, no siempre da para todos los d\u00edas y hay cuentas que pagar, por eso luchamos d\u00eda a d\u00eda, pero al ser amenazados no podemos seguir viviendo en nuestro pueblo.<\/p>\n\n\n\n<p>\u201cTememos hoy en d\u00eda por la seguridad&nbsp; y la vida de nuestra familia, lastimosamente nuestro pueblo ya no es seguro para nosotros. Nunca pensamos que esto alcanzar\u00eda a nuestro Espinal, lamentablemente la inseguridad ya es desde hace mucho un problema en nuestro pueblo\u201d, relat\u00f3.<\/p>\n\n\n\n<p>En su relato, detall\u00f3 que primero fueron mensajes amenazantes y despu\u00e9s, la noche del lunes 9 de junio, efectuaron disparos contra su hogar y la fachada de negocios.<\/p>\n\n\n\n<p>\u201cLas amenazas no paran ahora nos exigen con groser\u00edas y con la amenaza de quemar nuestro hogar, el \u00fanico patrimonio que tenemos&nbsp; mi familia y yo, tuvimos que abandonar lo \u00fanico que tenemos, para preservar la vida, vida que para estas personas no importan en absoluto\u201d.<\/p>\n\n\n\n<p>Demandaron a las autoridades de los tres niveles de gobierno que pongan atenci\u00f3n a esta problem\u00e1tica y se refuerce la seguridad en ese municipio y en la regi\u00f3n.<\/p>\n\n\n\n<p>Por otra parte, en Juchit\u00e1n de Zaragoza, la ma\u00f1ana de ayer fue incendiado un local comercial, ubicado a un costado de la carretera Panamericana.<\/p>\n\n\n\n<p>Se trata de la reaccionaria \u201cNueva Era\u201d, cuyos propietarios tambi\u00e9n recibieron presuntamente amenazas para pagar extorsiones y al no hacerlo, le prendieron fuego.<\/p>\n\n\n\n<p>Presuntamente sujetos prendieron fuego al local y tras ello huyeron a bordo de una motocicleta; varias personas lograron sofocar el fuego, que da\u00f1\u00f3 al unos bienes.<\/p>\n\n\n\n<p>Las autoridades municipales s\u00f3lo recomendaron a los afectados interponer su denuncia ante la Vicefiscal\u00eda Regional del Istmo, dependiente de la Fiscal\u00eda General del Estado de Oaxaca.<\/p>\n","protected":false},"excerpt":{"rendered":"<p>Ismael Garc\u00eda M.\/Zona Roja. Oaxaca, Oax., a 15 de 2025.- Adem\u00e1s de la incesante ola&hellip;<\/p>\n","protected":false},"author":2,"featured_media":81373,"comment_status":"closed","ping_status":"open","sticky":false,"template":"","format":"standard","meta":{"_lmt_disableupdate":"","_lmt_disable":"","_jetpack_memberships_contains_paid_content":false,"footnotes":""},"categories":[109,47],"tags":[1088],"class_list":["post-81372","post","type-post","status-publish","format-standard","has-post-thumbnail","hentry","category-minuto-a-minuto","category-zona-gris","tag-el-espinal"],"jetpack_featured_media_url":"https:\/\/zonaroja.com.mx\/wp-content\/uploads\/2025\/06\/Disparos-negocio-El-Espinal-cobro-de-piso.jpg","jetpack_sharing_enabled":true,"_links":{"self":[{"href":"https:\/\/zonaroja.com.mx\/index.php?rest_route=\/wp\/v2\/posts\/81372","targetHints":{"allow":["GET"]}}],"collection":[{"href":"https:\/\/zonaroja.com.mx\/index.php?rest_route=\/wp\/v2\/posts"}],"about":[{"href":"https:\/\/zonaroja.com.mx\/index.php?rest_route=\/wp\/v2\/types\/post"}],"author":[{"embeddable":true,"href":"https:\/\/zonaroja.com.mx\/index.php?rest_route=\/wp\/v2\/users\/2"}],"replies":[{"embeddable":true,"href":"https:\/\/zonaroja.com.mx\/index.php?rest_route=%2Fwp%2Fv2%2Fcomments&post=81372"}],"version-history":[{"count":1,"href":"https:\/\/zonaroja.com.mx\/index.php?rest_route=\/wp\/v2\/posts\/81372\/revisions"}],"predecessor-version":[{"id":81374,"href":"https:\/\/zonaroja.com.mx\/index.php?rest_route=\/wp\/v2\/posts\/81372\/revisions\/81374"}],"wp:featuredmedia":[{"embeddable":true,"href":"https:\/\/zonaroja.com.mx\/index.php?rest_route=\/wp\/v2\/media\/81373"}],"wp:attachment":[{"href":"https:\/\/zonaroja.com.mx\/index.php?rest_route=%2Fwp%2Fv2%2Fmedia&parent=81372"}],"wp:term":[{"taxonomy":"category","embeddable":true,"href":"https:\/\/zonaroja.com.mx\/index.php?rest_route=%2Fwp%2Fv2%2Fcategories&post=81372"},{"taxonomy":"post_tag","embeddable":true,"href":"https:\/\/zonaroja.com.mx\/index.php?rest_route=%2Fwp%2Fv2%2Ftags&post=81372"}],"curies":[{"name":"wp","href":"https:\/\/api.w.org\/{rel}","templated":true}]}}