{"id":81375,"date":"2025-06-15T10:45:00","date_gmt":"2025-06-15T16:45:00","guid":{"rendered":"https:\/\/zonaroja.com.mx\/?p=81375"},"modified":"2025-06-15T07:02:56","modified_gmt":"2025-06-15T13:02:56","slug":"se-engalana-el-casa-con-exposicion-que-muestra-vinculo-de-toledo-con-la-fotografia","status":"publish","type":"post","link":"https:\/\/zonaroja.com.mx\/?p=81375","title":{"rendered":"Se engalana el CaSa con exposici\u00f3n que muestra v\u00ednculo de Toledo con la fotograf\u00eda"},"content":{"rendered":"\n<p>Lisbeth Mej\u00eda Reyes\/Zona Roja.<\/p>\n\n\n\n<p>Oaxaca, Oax., a 15 de junio de 2025.- Su legado no est\u00e1 solo en la gr\u00e1fica y en la escultura, dos de las disciplinas que m\u00e1s cultiv\u00f3 como artista.&nbsp;<\/p>\n\n\n\n<p>Francisco Toledo (Ciudad de M\u00e9xico,1940-Oaxaca, 2019) tiene tambi\u00e9n una amplia obra en la fotograf\u00eda, tanto en las im\u00e1genes que intervino y las que captaron su esencia desde la mirada de varios fot\u00f3grafos como en las que coleccion\u00f3 y las que impuls\u00f3 para crear.&nbsp;<\/p>\n\n\n\n<p>Igualmente, en la biblioteca y el Centro Fotogr\u00e1fico Manuel \u00c1lvarez Bravo (CFMAB), en los que reuni\u00f3 parte de su pasi\u00f3n para compartirla con otras personas y alentarlas por el arte.<\/p>\n\n\n\n<p>Ahora, una exposici\u00f3n sobre su v\u00ednculo con la fotograf\u00eda llega al Centro de las Artes de San Agust\u00edn (CaSa), que fund\u00f3 en el 2006 y en el que cerca de 500 im\u00e1genes terminan su recorrido por el pa\u00eds.&nbsp;<\/p>\n\n\n\n<p>Desde este 14 de junio y hasta el 2 de noviembre, el recinto ubicado en el municipio de San Agust\u00edn Etla, Oaxaca, alberga a \u00abLu&#8217; Biaani: Francisco Toledo y la fotograf\u00eda\u00bb.<\/p>\n\n\n\n<p>\u00abSon como 500 im\u00e1genes de la obra que realiz\u00f3 el maestro Toledo a lo largo de casi medio siglo, desde la Casa de la Cultura de Juchit\u00e1n, donde comenz\u00f3 todo este proyecto de hacer colecciones, hasta lo que es ahora el Centro Fotogr\u00e1fico Manuel \u00c1lvarez Bravo y la colecci\u00f3n que alberga de fotograf\u00eda\u00bb, explica Alejandro Castellanos, curador de la exposici\u00f3n cuyo nombre combina palabras zapotecas que significan en espa\u00f1ol \u201cojo de luz\u201d.<\/p>\n\n\n\n<p>La exposici\u00f3n tambi\u00e9n incluye un video en el que Toledo cuenta que si hubiera tenido las oportunidades que dan en un espacio como el CFMAB, \u201cquiz\u00e1 hubiera sido un fot\u00f3grafo y no un simple pintor. Cuando veo a los ni\u00f1os con sus c\u00e1maras, me gusta ver el inter\u00e9s que tienen, luego los talleres, las exposiciones, es sembrar una semilla\u201d.<\/p>\n\n\n\n<figure class=\"wp-block-embed is-type-rich is-provider-twitter wp-block-embed-twitter\"><div class=\"wp-block-embed__wrapper\">\n<div class=\"twitter-tweet\"><blockquote class=\"twitter-tweet\" data-lang=\"es\"><p lang=\"es\" dir=\"ltr\">Este s\u00e1bado se inaugura en el <a href=\"https:\/\/twitter.com\/CaSanagustin?ref_src=twsrc%5Etfw\">@CaSanagustin<\/a>, Oaxaca, la muestra \u201cLu\u2019Biaani. Francisco Toledo y la fotograf\u00eda\u201d, conformada por unas 500 im\u00e1genes, muchas de las cales fueron intervenidas por el artista pl\u00e1stico. <br>\u00a1Asista y admire! <a href=\"https:\/\/t.co\/KPWio15RAj\">pic.twitter.com\/KPWio15RAj<\/a><\/p>&mdash; Zona Roja Oaxaca (@ZonaRoja_Oaxaca) <a href=\"https:\/\/twitter.com\/ZonaRoja_Oaxaca\/status\/1933947239136731389?ref_src=twsrc%5Etfw\">14 de junio de 2025<\/a><\/blockquote><\/div>\n<\/div><\/figure>\n\n\n\n<p>\u00abLu&#8217; Biaani\u00bb est\u00e1 integrada por ocho n\u00facleos. En el primero hay im\u00e1genes intervenidas por el artista Francisco Toledo, as\u00ed como retratos de \u00e9l hechos por fot\u00f3grafos como Flor Gardu\u00f1o, Rogelio Cu\u00e9llar y Graciela Iturbide.&nbsp;<\/p>\n\n\n\n<p>Otro de los n\u00facleos es sobre el Centro Fotogr\u00e1fico Manuel \u00c1lvarez Bravo, la relaci\u00f3n de Toledo con \u00c1lvarez Bravo y el colectivo Luz 96 en la primera etapa de ese recinto.<\/p>\n\n\n\n<p>Castellanos platic\u00f3 que \u201cuna buena parte de la exposici\u00f3n tiene que ver con Oaxaca, por lo que se incluyen fotos que tomaron Henri Cartier-Bresson, Mariana Yampolsky, Graciela Iturbide, Eniac Mart\u00ednez y Sebasti\u00e3o Salgado, entre otros, al mismo tiempo que hay fotos tomadas en otras partes.&nbsp;<\/p>\n\n\n\n<p>\u201cEst\u00e1n las im\u00e1genes de fot\u00f3grafos como Sotero Constantino, porque desde el origen de la colecci\u00f3n, lo que hicieron, el maestro Toledo, V\u00edctor de la Cruz, Elisa Ram\u00edrez y Macario Matus en Juchit\u00e1n, fue juntar documentos, y recuperar archivos entre los que encontraron las fotograf\u00edas de Sotero Constantino\u201d.&nbsp;<\/p>\n\n\n\n<p>Tambi\u00e9n se incluyen fotograf\u00edas de Romualdo Garc\u00eda, Flor Gardu\u00f1o, Laureana Toledo, Josef Koudelka, Karina Ju\u00e1rez, Yael Mart\u00ednez, Rogelio Cu\u00e9llar, Manuel \u00c1lvarez Bravo, Alejandro Echeverr\u00eda, Javier Le\u00f3n y parte del Fondo Roberto Donis, entre otros.&nbsp;<\/p>\n\n\n\n<p>\u201cLu&#8217; Biaani\u201d viaj\u00f3 en los \u00faltimos cuatro a\u00f1os por diversos recintos: el Colegio de San Ildefonso, el Museo Caba\u00f1as, el Museo Amparo, el Centro de las Artes de Nuevo Le\u00f3n, y la Universidad de Guanajuato, en el marco del Festival Cervantino.&nbsp;<\/p>\n\n\n\n<p>Despu\u00e9s de ese recorrido, se presenta en Oaxaca, como una colaboraci\u00f3n entre el Centro Fotogr\u00e1fico Manuel \u00c1lvarez Bravo, Amigos del IAGO y del CFMAB A.C. y Francisco Toledo A.C.<\/p>\n","protected":false},"excerpt":{"rendered":"<p>Lisbeth Mej\u00eda Reyes\/Zona Roja. Oaxaca, Oax., a 15 de junio de 2025.- Su legado no&hellip;<\/p>\n","protected":false},"author":2,"featured_media":81376,"comment_status":"closed","ping_status":"open","sticky":false,"template":"","format":"standard","meta":{"_lmt_disableupdate":"","_lmt_disable":"","_jetpack_memberships_contains_paid_content":false,"footnotes":""},"categories":[109,46],"tags":[1148,677],"class_list":["post-81375","post","type-post","status-publish","format-standard","has-post-thumbnail","hentry","category-minuto-a-minuto","category-zona-blanca","tag-centro-de-las-artes-san-agustin-casa","tag-francisco-toledo"],"jetpack_featured_media_url":"https:\/\/zonaroja.com.mx\/wp-content\/uploads\/2025\/06\/Exposicion-fotografia-Toledo-Centro-de-las-Artes.jpg","jetpack_sharing_enabled":true,"_links":{"self":[{"href":"https:\/\/zonaroja.com.mx\/index.php?rest_route=\/wp\/v2\/posts\/81375","targetHints":{"allow":["GET"]}}],"collection":[{"href":"https:\/\/zonaroja.com.mx\/index.php?rest_route=\/wp\/v2\/posts"}],"about":[{"href":"https:\/\/zonaroja.com.mx\/index.php?rest_route=\/wp\/v2\/types\/post"}],"author":[{"embeddable":true,"href":"https:\/\/zonaroja.com.mx\/index.php?rest_route=\/wp\/v2\/users\/2"}],"replies":[{"embeddable":true,"href":"https:\/\/zonaroja.com.mx\/index.php?rest_route=%2Fwp%2Fv2%2Fcomments&post=81375"}],"version-history":[{"count":1,"href":"https:\/\/zonaroja.com.mx\/index.php?rest_route=\/wp\/v2\/posts\/81375\/revisions"}],"predecessor-version":[{"id":81377,"href":"https:\/\/zonaroja.com.mx\/index.php?rest_route=\/wp\/v2\/posts\/81375\/revisions\/81377"}],"wp:featuredmedia":[{"embeddable":true,"href":"https:\/\/zonaroja.com.mx\/index.php?rest_route=\/wp\/v2\/media\/81376"}],"wp:attachment":[{"href":"https:\/\/zonaroja.com.mx\/index.php?rest_route=%2Fwp%2Fv2%2Fmedia&parent=81375"}],"wp:term":[{"taxonomy":"category","embeddable":true,"href":"https:\/\/zonaroja.com.mx\/index.php?rest_route=%2Fwp%2Fv2%2Fcategories&post=81375"},{"taxonomy":"post_tag","embeddable":true,"href":"https:\/\/zonaroja.com.mx\/index.php?rest_route=%2Fwp%2Fv2%2Ftags&post=81375"}],"curies":[{"name":"wp","href":"https:\/\/api.w.org\/{rel}","templated":true}]}}