{"id":81378,"date":"2025-06-15T11:45:00","date_gmt":"2025-06-15T17:45:00","guid":{"rendered":"https:\/\/zonaroja.com.mx\/?p=81378"},"modified":"2025-06-15T07:07:12","modified_gmt":"2025-06-15T13:07:12","slug":"recientes-ataques-de-iran-a-israel-dejan-al-menos-13-muertos-y-380-heridos","status":"publish","type":"post","link":"https:\/\/zonaroja.com.mx\/?p=81378","title":{"rendered":"Recientes ataques de Ir\u00e1n a Israel dejan al menos 13 muertos y 380 heridos"},"content":{"rendered":"\n<p>Redacci\u00f3n\/Zona Roja Cdmx.<\/p>\n\n\n\n<p>Ciudad de M\u00e9xico, a 15 de junio de 2025.- Durante la madrugada del domingo, Ir\u00e1n lanz\u00f3 una oleada de misiles y drones contra territorio israel\u00ed, con un saldo de al menos 13 muertos y m\u00e1s de 380 heridos, seg\u00fan autoridades locales.&nbsp;<\/p>\n\n\n\n<p>Las zonas m\u00e1s afectadas se encuentran en el centro y norte del pa\u00eds, donde varios edificios residenciales sufrieron da\u00f1os de consideraci\u00f3n.<\/p>\n\n\n\n<p>En respuesta, Israel llev\u00f3 a cabo ataques a\u00e9reos contra objetivos estrat\u00e9gicos en Ir\u00e1n, incluyendo la sede del Ministerio de Defensa en Teher\u00e1n y otras instalaciones asociadas al programa nuclear iran\u00ed, de acuerdo con el ej\u00e9rcito israel\u00ed. Entre los blancos alcanzados se encuentran un dep\u00f3sito de petr\u00f3leo y un tanque de combustible en las afueras de Teher\u00e1n.<\/p>\n\n\n\n<p>El primer ministro Benjamin Netanyahu, en un discurso televisado, asegur\u00f3 que la operaci\u00f3n militar proseguir\u00e1 \u201ctodo el tiempo que sea necesario\u201d para eliminar la amenaza que representa el programa nuclear iran\u00ed.<\/p>\n\n\n\n<p>Por su parte, Teher\u00e1n reafirm\u00f3 que su desarrollo nuclear tiene fines pac\u00edficos y advirti\u00f3 que intensificar\u00e1 sus ataques si Israel mantiene las hostilidades.<\/p>\n\n\n\n<p>El primer ministro de Israel, Benjam\u00edn Netanyahu, advirti\u00f3 este domingo que Ir\u00e1n \u201cpagar\u00e1 un alto precio por matar a civiles\u201d, luego de los recientes ataques que causaron la muerte de 13 personas en territorio israel\u00ed.<\/p>\n\n\n\n<p>\u201cIr\u00e1n pagar\u00e1 un alto precio por matar intencionadamente a civiles, mujeres y ni\u00f1os. Alcanzaremos nuestro objetivo de un solo golpe\u201d, declar\u00f3 el jefe de gobierno durante una visita a Bat Yam, en las afueras de Tel Aviv, donde un misil impact\u00f3 anoche en un edificio residencial, provocando la muerte de al menos seis personas, entre ellas dos menores de edad.<\/p>\n\n\n\n<p>El Ej\u00e9rcito de Israel asegur\u00f3 este domingo haber atacado una instalaci\u00f3n nuclear iran\u00ed en Isfah\u00e1n, en el centro del pa\u00eds, en el marco de la ofensiva en curso contra objetivos estrat\u00e9gicos de la Rep\u00fablica Isl\u00e1mica. La operaci\u00f3n fue confirmada por el portavoz militar israel\u00ed, coronel Avichai Adraee, quien afirm\u00f3 que las Fuerzas de Defensa de Israel (FDI) atacaron \u201ccon fuerza un centro estrat\u00e9gico importante\u201d.<\/p>\n\n\n\n<p>Las Fuerzas de Defensa de Israel (FDI) actualizaron este domingo el balance de la operaci\u00f3n militar \u201cRising Lion\u201d, que mantiene enfrentamientos activos con Ir\u00e1n y actores aliados en la regi\u00f3n. Seg\u00fan el parte difundido a las 11:15 (hora local), se registraron m\u00e1s de 200 lanzamientos de cohetes desde el inicio de la ofensiva.<\/p>\n\n\n\n<p>Las autoridades israel\u00edes anunciaron este domingo el cierre del espacio a\u00e9reo nacional por tercer d\u00eda consecutivo, en respuesta a la escalada de violencia con Ir\u00e1n.<\/p>\n\n\n\n<p>\u201cDebido a la situaci\u00f3n de seguridad y de acuerdo con las instrucciones de las autoridades de seguridad, el espacio a\u00e9reo israel\u00ed est\u00e1 actualmente cerrado a la aviaci\u00f3n civil; no se realizan vuelos entrantes ni salientes\u201d, indicaron en un comunicado conjunto los ministerios de Transporte y de Asuntos Exteriores.<\/p>\n\n\n\n<p>(Informaci\u00f3n de Infobae M\u00e9xico)<\/p>\n","protected":false},"excerpt":{"rendered":"<p>Redacci\u00f3n\/Zona Roja Cdmx. Ciudad de M\u00e9xico, a 15 de junio de 2025.- Durante la madrugada&hellip;<\/p>\n","protected":false},"author":2,"featured_media":81379,"comment_status":"closed","ping_status":"open","sticky":false,"template":"","format":"standard","meta":{"_lmt_disableupdate":"","_lmt_disable":"","_jetpack_memberships_contains_paid_content":false,"footnotes":""},"categories":[109,47],"tags":[3909],"class_list":["post-81378","post","type-post","status-publish","format-standard","has-post-thumbnail","hentry","category-minuto-a-minuto","category-zona-gris","tag-guerra-iran-israel"],"jetpack_featured_media_url":"https:\/\/zonaroja.com.mx\/wp-content\/uploads\/2025\/06\/Guerra-Iran-ataca-Israel.jpg.avif","jetpack_sharing_enabled":true,"_links":{"self":[{"href":"https:\/\/zonaroja.com.mx\/index.php?rest_route=\/wp\/v2\/posts\/81378","targetHints":{"allow":["GET"]}}],"collection":[{"href":"https:\/\/zonaroja.com.mx\/index.php?rest_route=\/wp\/v2\/posts"}],"about":[{"href":"https:\/\/zonaroja.com.mx\/index.php?rest_route=\/wp\/v2\/types\/post"}],"author":[{"embeddable":true,"href":"https:\/\/zonaroja.com.mx\/index.php?rest_route=\/wp\/v2\/users\/2"}],"replies":[{"embeddable":true,"href":"https:\/\/zonaroja.com.mx\/index.php?rest_route=%2Fwp%2Fv2%2Fcomments&post=81378"}],"version-history":[{"count":1,"href":"https:\/\/zonaroja.com.mx\/index.php?rest_route=\/wp\/v2\/posts\/81378\/revisions"}],"predecessor-version":[{"id":81380,"href":"https:\/\/zonaroja.com.mx\/index.php?rest_route=\/wp\/v2\/posts\/81378\/revisions\/81380"}],"wp:featuredmedia":[{"embeddable":true,"href":"https:\/\/zonaroja.com.mx\/index.php?rest_route=\/wp\/v2\/media\/81379"}],"wp:attachment":[{"href":"https:\/\/zonaroja.com.mx\/index.php?rest_route=%2Fwp%2Fv2%2Fmedia&parent=81378"}],"wp:term":[{"taxonomy":"category","embeddable":true,"href":"https:\/\/zonaroja.com.mx\/index.php?rest_route=%2Fwp%2Fv2%2Fcategories&post=81378"},{"taxonomy":"post_tag","embeddable":true,"href":"https:\/\/zonaroja.com.mx\/index.php?rest_route=%2Fwp%2Fv2%2Ftags&post=81378"}],"curies":[{"name":"wp","href":"https:\/\/api.w.org\/{rel}","templated":true}]}}