{"id":81384,"date":"2025-06-15T13:30:00","date_gmt":"2025-06-15T19:30:00","guid":{"rendered":"https:\/\/zonaroja.com.mx\/?p=81384"},"modified":"2025-06-15T07:12:45","modified_gmt":"2025-06-15T13:12:45","slug":"opinion-2590-letras-2590-feminicidios-las-ven","status":"publish","type":"post","link":"https:\/\/zonaroja.com.mx\/?p=81384","title":{"rendered":"Opini\u00f3n. 2,590 letras, 2,590 feminicidios \u00bflas ven?"},"content":{"rendered":"\n<p>Soledad Jarqu\u00edn \u00c9dgar\/SemM\u00e9xico<\/p>\n\n\n\n<p>El feminicidio como conocemos a los&nbsp;asesinatos de mujeres por razones de g\u00e9nero, dicho de otra manera, por ser&nbsp;mujeres, suman en Oaxaca m\u00e1s de dos mil 500 en 25 a\u00f1os (entre 1999 y este d\u00eda,&nbsp;exceptuando las cifras del 2005).<\/p>\n\n\n\n<p>No tengo idea de c\u00f3mo hacer para que al leer estas l\u00edneas usted pueda imaginar&nbsp;de qu\u00e9 estamos hablando, para que las pueda visualizar y se entere de lo que se&nbsp;trata. Se me ocurre escribir exactamente dos mil 590 caracteres sin espacio, que&nbsp;equivalen a el n\u00famero de las v\u00edctimas de feminicidio. Cada letra y cada signo&nbsp;ortogr\u00e1fico contar\u00e1 como una mujer asesinada.<\/p>\n\n\n\n<p>Eliza Cruz Hern\u00e1ndez es un ejemplo de esos asesinatos. Ten\u00eda 28 a\u00f1os, ind\u00edgena&nbsp;mazateca, madre de dos ni\u00f1as, viv\u00eda en San Isidro Zoqui\u00e1pam, municipio de San&nbsp;Lucas Zoqui\u00e1pam, a casi cinco horas en autom\u00f3vil de la capital oaxaque\u00f1a.&nbsp;Asesinada, agredida sexualmente el 27 de mayo y por fortuna, su presunto&nbsp;feminicida fue detenido hace dos d\u00edas. Ojal\u00e1 que la justicia no sea una larga noche&nbsp;para su familia, en especial para sus peque\u00f1as.<\/p>\n\n\n\n<p>Por a\u00f1os la sierra mazateca de Oaxaca era la que menos feminicidios reportaba,&nbsp;de acuerdo con los seguimientos hemerogr\u00e1ficos de Consorcio Oaxaca y&nbsp;GesMujer. Ojo, eso no quiere decir que en la ampl\u00edsima regi\u00f3n no existiera&nbsp;violencia contra las mujeres. Preocupa que hoy el tejido social est\u00e9 roto producto&nbsp;de miles las razones. &nbsp;<\/p>\n\n\n\n<p>En estos 25 a\u00f1os de estad\u00edsticas podemos ver, como sucede en otras partes del&nbsp;pa\u00eds, en Oaxaca la cifra no disminuye, por el contrario, aumenta. Lo cual tendr\u00eda&nbsp;que llevarnos a ver el fondo m\u00e1s que la superficie \u00bfqu\u00e9 han hecho los gobiernos&nbsp;de los \u00faltimos 25 a\u00f1os para contrarrestar esa violencia? Harta baba y pocos&nbsp;hechos.<\/p>\n\n\n\n<p>Adem\u00e1s de tipificar el delito en 2012, elaborar protocolos de investigaci\u00f3n que&nbsp;siguen siendo inoperantes, \u201casumir\u201d de forma simulada la declaratorio de alerta de&nbsp;violencia de g\u00e9nero en Oaxaca que inclu\u00eda acciones espec\u00edficas para 40&nbsp;municipios, no hay nada m\u00e1s, excepto una enorme monta\u00f1a de feminicidios sin&nbsp;justicia para las v\u00edctimas y sus familias. &nbsp;<\/p>\n\n\n\n<p>En el sexenio anterior como en este, la Secretar\u00eda de las Mujeres ha sido un faro&nbsp;que no alumbra, carece de presupuesto, sus titulares -que suman en total cinco en&nbsp;casi nueve a\u00f1os-, definitivamente, llegan sin conocimientos en la materia,&nbsp;premiadas por sus relaciones de amistad o compromisos pol\u00edticos, sin capacidad&nbsp;de gesti\u00f3n y si mucha subordinaci\u00f3n.<\/p>\n\n\n\n<p>El resultado es lo que vemos: por un lado, una alt\u00edsima impunidad y, por el otro, el&nbsp;borrado de feminicidios, una especie de deporte, incapacidad o divertimento de los&nbsp;se\u00f1ores del poder. No pueden cumplir con lo establecido no s\u00f3lo en la constituci\u00f3n&nbsp;o en las leyes donde una m\u00e1xima es proteger la vida de las personas y en el caso&nbsp;de las mujeres se ratifica en la Ley General de Acceso a las mujeres a una vida&nbsp;libre de violencia, adem\u00e1s de las Convenciones Belem Do Par\u00e1 y CEDAW, por&nbsp;citar dos ejemplos. Se llama corrupci\u00f3n, cobrar por no dar resultados.<\/p>\n\n\n\n<p>Si creen que no tiene responsabilidad alguna, gobernadores y el funcionariado, se&nbsp;equivocan, lo que s\u00ed sabemos es que no tienen conciencia.<\/p>\n\n\n\n<p>*Periodista y activista feminista.<\/p>\n\n\n\n<p>@JarquinEdgar<\/p>\n","protected":false},"excerpt":{"rendered":"<p>Soledad Jarqu\u00edn \u00c9dgar\/SemM\u00e9xico El feminicidio como conocemos a los&nbsp;asesinatos de mujeres por razones de g\u00e9nero,&hellip;<\/p>\n","protected":false},"author":2,"featured_media":68029,"comment_status":"closed","ping_status":"open","sticky":false,"template":"","format":"standard","meta":{"_lmt_disableupdate":"","_lmt_disable":"","_jetpack_memberships_contains_paid_content":false,"footnotes":""},"categories":[456,109],"tags":[1105],"class_list":["post-81384","post","type-post","status-publish","format-standard","has-post-thumbnail","hentry","category-columna","category-minuto-a-minuto","tag-soledad-jarquin-edgar"],"jetpack_featured_media_url":"https:\/\/zonaroja.com.mx\/wp-content\/uploads\/2024\/05\/Soledad-Jarquin-Edgar.jpg","jetpack_sharing_enabled":true,"_links":{"self":[{"href":"https:\/\/zonaroja.com.mx\/index.php?rest_route=\/wp\/v2\/posts\/81384","targetHints":{"allow":["GET"]}}],"collection":[{"href":"https:\/\/zonaroja.com.mx\/index.php?rest_route=\/wp\/v2\/posts"}],"about":[{"href":"https:\/\/zonaroja.com.mx\/index.php?rest_route=\/wp\/v2\/types\/post"}],"author":[{"embeddable":true,"href":"https:\/\/zonaroja.com.mx\/index.php?rest_route=\/wp\/v2\/users\/2"}],"replies":[{"embeddable":true,"href":"https:\/\/zonaroja.com.mx\/index.php?rest_route=%2Fwp%2Fv2%2Fcomments&post=81384"}],"version-history":[{"count":1,"href":"https:\/\/zonaroja.com.mx\/index.php?rest_route=\/wp\/v2\/posts\/81384\/revisions"}],"predecessor-version":[{"id":81385,"href":"https:\/\/zonaroja.com.mx\/index.php?rest_route=\/wp\/v2\/posts\/81384\/revisions\/81385"}],"wp:featuredmedia":[{"embeddable":true,"href":"https:\/\/zonaroja.com.mx\/index.php?rest_route=\/wp\/v2\/media\/68029"}],"wp:attachment":[{"href":"https:\/\/zonaroja.com.mx\/index.php?rest_route=%2Fwp%2Fv2%2Fmedia&parent=81384"}],"wp:term":[{"taxonomy":"category","embeddable":true,"href":"https:\/\/zonaroja.com.mx\/index.php?rest_route=%2Fwp%2Fv2%2Fcategories&post=81384"},{"taxonomy":"post_tag","embeddable":true,"href":"https:\/\/zonaroja.com.mx\/index.php?rest_route=%2Fwp%2Fv2%2Ftags&post=81384"}],"curies":[{"name":"wp","href":"https:\/\/api.w.org\/{rel}","templated":true}]}}