{"id":81390,"date":"2025-06-15T14:09:12","date_gmt":"2025-06-15T20:09:12","guid":{"rendered":"https:\/\/zonaroja.com.mx\/?p=81390"},"modified":"2025-06-15T14:09:12","modified_gmt":"2025-06-15T20:09:12","slug":"grupo-armado-ingresa-a-palacio-municipal-en-oaxaca-y-asesina-a-alcaldesa-y-otra-persona","status":"publish","type":"post","link":"https:\/\/zonaroja.com.mx\/?p=81390","title":{"rendered":"Grupo armado ingresa a palacio municipal en Oaxaca y asesina a alcaldesa y otra persona"},"content":{"rendered":"\n<p>Ismael Garc\u00eda M.\/Zona Roja&nbsp;<\/p>\n\n\n\n<p>Oaxaca, Oax., a 15 de junio de 2025. Sujetos armados ingresaron esta ma\u00f1ana al palacio municipal de San Mateo Pi\u00f1as, Oaxaca, y asesinaron a la presidenta municipal Lilia Gema Garc\u00eda Soto, y a uno de sus colaboradores.<\/p>\n\n\n\n<p>El doble homicidio fue confirmado por la Fiscal\u00eda General del Estado de Oaxaca (FGEO), que inici\u00f3 las labores de investigaci\u00f3n para dar con los responsables del delito&nbsp;<\/p>\n\n\n\n<p>De acuerdo con las primeras versiones, los presuntos delincuentes ingresaron de manera directa y dispararon en contra de la alcaldesa y de un indisociable identificado con las iniciales &nbsp;G.R.G., tras lo cual huyeron a bordo de motocicletas.&nbsp;<\/p>\n\n\n\n<p>Ante el reporte, la Fiscal\u00eda de Oaxaca, junto con la Secretar\u00eda de la Defensa Nacional (Defensa), Secretar\u00eda de Marina (Semar) y la Secretar\u00eda de Seguridad y Protecci\u00f3n Ciudadana (SSPC) montaron un operativo de seguridad en la zona.<\/p>\n\n\n\n<p>La Fiscal\u00eda realiza las labores ministeriales a trav\u00e9s de la Vicefiscal\u00eda Regional de la Costa y se logr\u00f3 establecer que un grupo de personas armadas ingres\u00f3 al palacio municipal, donde dispararon en contra de la presidenta, as\u00ed como otra persona que se encontraba en el lugar, ambos perdieron la vida a consecuencia de las lesiones infligidas.&nbsp;<\/p>\n\n\n\n<p>\u201cLa FGEO est\u00e1 comprometida en llevar a cabo a la brevedad las labores ministeriales y periciales que permitan dar con los responsables de este lamentable hecho\u201d, destac\u00f3 la instituci\u00f3n.\u00a0<\/p>\n\n\n\n<p><\/p>\n","protected":false},"excerpt":{"rendered":"<p>Ismael Garc\u00eda M.\/Zona Roja&nbsp; Oaxaca, Oax., a 15 de junio de 2025. Sujetos armados ingresaron&hellip;<\/p>\n","protected":false},"author":2,"featured_media":81389,"comment_status":"closed","ping_status":"open","sticky":false,"template":"","format":"standard","meta":{"_lmt_disableupdate":"","_lmt_disable":"","_jetpack_memberships_contains_paid_content":false,"footnotes":""},"categories":[109,51],"tags":[],"class_list":["post-81390","post","type-post","status-publish","format-standard","has-post-thumbnail","hentry","category-minuto-a-minuto","category-zona-roja"],"jetpack_featured_media_url":"https:\/\/zonaroja.com.mx\/wp-content\/uploads\/2025\/06\/1ff9efb4-7205-44ad-94e9-654781aab563-1.jpg","jetpack_sharing_enabled":true,"_links":{"self":[{"href":"https:\/\/zonaroja.com.mx\/index.php?rest_route=\/wp\/v2\/posts\/81390","targetHints":{"allow":["GET"]}}],"collection":[{"href":"https:\/\/zonaroja.com.mx\/index.php?rest_route=\/wp\/v2\/posts"}],"about":[{"href":"https:\/\/zonaroja.com.mx\/index.php?rest_route=\/wp\/v2\/types\/post"}],"author":[{"embeddable":true,"href":"https:\/\/zonaroja.com.mx\/index.php?rest_route=\/wp\/v2\/users\/2"}],"replies":[{"embeddable":true,"href":"https:\/\/zonaroja.com.mx\/index.php?rest_route=%2Fwp%2Fv2%2Fcomments&post=81390"}],"version-history":[{"count":1,"href":"https:\/\/zonaroja.com.mx\/index.php?rest_route=\/wp\/v2\/posts\/81390\/revisions"}],"predecessor-version":[{"id":81391,"href":"https:\/\/zonaroja.com.mx\/index.php?rest_route=\/wp\/v2\/posts\/81390\/revisions\/81391"}],"wp:featuredmedia":[{"embeddable":true,"href":"https:\/\/zonaroja.com.mx\/index.php?rest_route=\/wp\/v2\/media\/81389"}],"wp:attachment":[{"href":"https:\/\/zonaroja.com.mx\/index.php?rest_route=%2Fwp%2Fv2%2Fmedia&parent=81390"}],"wp:term":[{"taxonomy":"category","embeddable":true,"href":"https:\/\/zonaroja.com.mx\/index.php?rest_route=%2Fwp%2Fv2%2Fcategories&post=81390"},{"taxonomy":"post_tag","embeddable":true,"href":"https:\/\/zonaroja.com.mx\/index.php?rest_route=%2Fwp%2Fv2%2Ftags&post=81390"}],"curies":[{"name":"wp","href":"https:\/\/api.w.org\/{rel}","templated":true}]}}