{"id":81403,"date":"2025-06-16T08:15:00","date_gmt":"2025-06-16T14:15:00","guid":{"rendered":"https:\/\/zonaroja.com.mx\/?p=81403"},"modified":"2025-06-16T07:49:45","modified_gmt":"2025-06-16T13:49:45","slug":"pese-a-irregularidades-el-ine-declara-validez-de-eleccion-judicial","status":"publish","type":"post","link":"https:\/\/zonaroja.com.mx\/?p=81403","title":{"rendered":"Pese a irregularidades, el INE declara validez de elecci\u00f3n judicial"},"content":{"rendered":"\n<p>Redacci\u00f3n\/Zona Roja Cdmx.<\/p>\n\n\n\n<p>Ciudad de M\u00e9xico, a 16 de junio de 2025.- Por mayor\u00eda de votos, el Consejo General del INE aprob\u00f3 este mi\u00e9rcoles la declaratoria de validez de la elecci\u00f3n judicial para ministras y ministros de la Suprema Corte de Justicia de la Naci\u00f3n (SCJN), con lo que se ratifica el triunfo de los aspirantes electos por voto popular.<\/p>\n\n\n\n<p>La resoluci\u00f3n fue aprobada con 6 votos a favor y 5 en contra, tras un debate de m\u00e1s de tres horas que evidenci\u00f3 posturas encontradas entre los consejeros.<\/p>\n\n\n\n<p>La sesi\u00f3n culmin\u00f3 con aplausos de los consejeros que respaldaron la validez del proceso, entre ellos Guadalupe Taddei, Jorge Monta\u00f1o, Norma Cruz, Rita L\u00f3pez, Uuc-kib Espadas y Carla Humphrey.<\/p>\n\n\n\n<p>Antes del aval, el consejero Arturo Castillo propuso entregar constancias de mayor\u00eda a los ganadores, pero sin declarar la validez del proceso en cuatro de los seis \u00f3rganos electos \u2014incluyendo la SCJN, el Tribunal de Disciplina Judicial, la Sala Superior del TEPJF y cuatro salas regionales\u2014, bajo el argumento de que hubo un \u201cc\u00famulo de irregularidades\u201d no comprobadas plenamente.<\/p>\n\n\n\n<p>Esta postura fue respaldada por la consejera Dania Ravel, pero severamente criticada por la presidenta del INE, Guadalupe Taddei, quien calific\u00f3 la propuesta como \u201cun exceso\u201d y \u201cuna afrenta\u201d contra los m\u00e1s de 80 mil funcionarios de casilla que participaron.<\/p>\n\n\n\n<p>\u201cNo acompa\u00f1o la propuesta de no declarar la validez por 818 casillas (que se anular\u00e1n). Esta cantidad, frente a m\u00e1s de 80 mil casillas, no puede poner en duda la integridad de un proceso electoral que fue ejemplar\u201d, sostuvo Taddei.<\/p>\n\n\n\n<p>La consejera presidenta defendi\u00f3 en\u00e9rgicamente la labor del Instituto y reiter\u00f3 que no existen elementos jur\u00eddicos ni f\u00e1cticos para declarar inv\u00e1lido el proceso.<\/p>\n\n\n\n<p>\u201cNo admito que se pongan en duda la limpieza y pulcritud de este proceso electoral que fue excelente. El INE cumpli\u00f3 bien\u201d, sentenci\u00f3.<\/p>\n\n\n\n<p>Tras el aval, se decret\u00f3 un receso para organizar la log\u00edstica de entrega de constancias a las ministras y ministros electos, formalizando as\u00ed su llegada a la nueva Suprema Corte que ser\u00e1 parte del Poder Judicial renovado.<\/p>\n\n\n\n<p>Los mismos datos del INE determinaron que hubo una participaci\u00f3n ciudadana del 13.01 por ciento durante la primera Elecci\u00f3n Judicial, lo cual representa la participaci\u00f3n de 12 millones 965 mil 574 personas. La lista nominal est\u00e1 integrada por 99 millones 594 mil 010 personas este 2025.&nbsp;<\/p>\n\n\n\n<p>Hugo Aguilar, Lenia Batres, Yasm\u00edn Esquivel, Loretta Ortiz, Mar\u00eda Estela R\u00edos, Azael Figueroa, Irene Herrer\u00edas, Irving Espinosa y Rodrigo Guerrero, ser\u00e1n a partir del 1 de septiembre pr\u00f3ximo los integrantes de la SCJN.<\/p>\n\n\n\n<p>De acuerdo con el n\u00famero de votos obtenidos, el oaxaque\u00f1o Hugo Aguilar ser\u00e1 el primero en presidir la nueva Corte.<\/p>\n\n\n\n<p>(Con informaci\u00f3n de Radio F\u00f3rmula)<\/p>\n","protected":false},"excerpt":{"rendered":"<p>Redacci\u00f3n\/Zona Roja Cdmx. Ciudad de M\u00e9xico, a 16 de junio de 2025.- Por mayor\u00eda de&hellip;<\/p>\n","protected":false},"author":2,"featured_media":81404,"comment_status":"closed","ping_status":"open","sticky":false,"template":"","format":"standard","meta":{"_lmt_disableupdate":"","_lmt_disable":"","_jetpack_memberships_contains_paid_content":false,"footnotes":""},"categories":[109,47],"tags":[4291,2764],"class_list":["post-81403","post","type-post","status-publish","format-standard","has-post-thumbnail","hentry","category-minuto-a-minuto","category-zona-gris","tag-eleccion-judicial-mexico","tag-instituto-nacional-electoral-ine"],"jetpack_featured_media_url":"https:\/\/zonaroja.com.mx\/wp-content\/uploads\/2025\/06\/INE-validez-eleccion-judicial.jpeg","jetpack_sharing_enabled":true,"_links":{"self":[{"href":"https:\/\/zonaroja.com.mx\/index.php?rest_route=\/wp\/v2\/posts\/81403","targetHints":{"allow":["GET"]}}],"collection":[{"href":"https:\/\/zonaroja.com.mx\/index.php?rest_route=\/wp\/v2\/posts"}],"about":[{"href":"https:\/\/zonaroja.com.mx\/index.php?rest_route=\/wp\/v2\/types\/post"}],"author":[{"embeddable":true,"href":"https:\/\/zonaroja.com.mx\/index.php?rest_route=\/wp\/v2\/users\/2"}],"replies":[{"embeddable":true,"href":"https:\/\/zonaroja.com.mx\/index.php?rest_route=%2Fwp%2Fv2%2Fcomments&post=81403"}],"version-history":[{"count":1,"href":"https:\/\/zonaroja.com.mx\/index.php?rest_route=\/wp\/v2\/posts\/81403\/revisions"}],"predecessor-version":[{"id":81405,"href":"https:\/\/zonaroja.com.mx\/index.php?rest_route=\/wp\/v2\/posts\/81403\/revisions\/81405"}],"wp:featuredmedia":[{"embeddable":true,"href":"https:\/\/zonaroja.com.mx\/index.php?rest_route=\/wp\/v2\/media\/81404"}],"wp:attachment":[{"href":"https:\/\/zonaroja.com.mx\/index.php?rest_route=%2Fwp%2Fv2%2Fmedia&parent=81403"}],"wp:term":[{"taxonomy":"category","embeddable":true,"href":"https:\/\/zonaroja.com.mx\/index.php?rest_route=%2Fwp%2Fv2%2Fcategories&post=81403"},{"taxonomy":"post_tag","embeddable":true,"href":"https:\/\/zonaroja.com.mx\/index.php?rest_route=%2Fwp%2Fv2%2Ftags&post=81403"}],"curies":[{"name":"wp","href":"https:\/\/api.w.org\/{rel}","templated":true}]}}