{"id":81409,"date":"2025-06-16T11:11:00","date_gmt":"2025-06-16T17:11:00","guid":{"rendered":"https:\/\/zonaroja.com.mx\/?p=81409"},"modified":"2025-06-16T08:13:30","modified_gmt":"2025-06-16T14:13:30","slug":"premian-en-festival-internacional-documental-de-cineasta-oaxaqueno","status":"publish","type":"post","link":"https:\/\/zonaroja.com.mx\/?p=81409","title":{"rendered":"Premian en festival internacional documental de cineasta oaxaque\u00f1o"},"content":{"rendered":"\n<p>Lisbeth Mej\u00eda Reyes\/Zona Roja.&nbsp;<\/p>\n\n\n\n<p>Oaxaca, Oax., a 16 de junio de 2025.- El documental \u00abBoca Vieja\u00bb, dirigido por el cineasta oaxaque\u00f1o Yovegami Ascona Mora, consigui\u00f3 el Premio Mezcal a mejor pel\u00edcula mexicana por el jurado joven y el Premio del P\u00fablico a mejor pel\u00edcula en el Festival Internacional de Cine de Guadalajara, que se realiz\u00f3 del 6 al 14 de junio. Adem\u00e1s, de una menci\u00f3n honor\u00edfica del Premio Mezcal, el mayor galard\u00f3n del programa.<\/p>\n\n\n\n<p>\u00ab\u00a1Viva el cine oaxaque\u00f1o, viva el cine de los estados!\u00bb, expres\u00f3 el realizador originario de San Juan Guichicovi, quien en la ceremonia de premiaci\u00f3n tambi\u00e9n se expres\u00f3 en su lengua mixe.<\/p>\n\n\n\n<p>Tanto Ascona Mora como M\u00f3nica Cruz Arcos, productora de la pel\u00edcula, agradecieron a todo el equipo, a sus familias y a la comunidad de Bajos de Coyula y su playa Boca Vieja por este largometraje y los premios.<\/p>\n\n\n\n<p>\u201cBoca Vieja\u201d es la \u00f3pera prima del realizador y narra la vida de un pueblo agr\u00edcola y pescador de la costa oaxaque\u00f1a en medio de la amenaza latente por el despojo de su territorio.<\/p>\n\n\n\n<p>La pel\u00edcula de 85 minutos de duraci\u00f3n fue desarrollada por un equipo mayormente oaxaque\u00f1o y comenz\u00f3 a grabarse en el a\u00f1o 2020 sorteando la pandemia de Covid-19. Sin embargo, logr\u00f3 realizarse con el apoyo de la poblaci\u00f3n, adem\u00e1s de diversos est\u00edmulos del Instituto Mexicano de Cinematograf\u00eda, IMCINE.<\/p>\n\n\n\n<p>En el Festival Internacional de Cine de Guadalajara, la pel\u00edcula se proyect\u00f3 los d\u00edas 8 y 9 de junio. Despu\u00e9s tendr\u00e1 una funci\u00f3n especial en Boca Vieja, adem\u00e1s de que seguir\u00e1 su camino por otros festivales.<\/p>\n\n\n\n<p>Antes del Festival Internacional de Cine de Guadalajara, la pel\u00edcula ha sido seleccionada en talleres y espacios cinematogr\u00e1ficos como la Residencia Zanate, Impulso Morelia del Festival de Cine de Morelia y en el Mercado de Cine de la Berlinale.\u00a0<\/p>\n\n\n\n<figure class=\"wp-block-image size-full\"><img decoding=\"async\" width=\"800\" height=\"600\" src=\"https:\/\/zonaroja.com.mx\/wp-content\/uploads\/2025\/06\/Ascona-mora-premio-Mezcal-Oaxaca-cineasta.jpg\" alt=\"\" class=\"wp-image-81410\" srcset=\"https:\/\/zonaroja.com.mx\/wp-content\/uploads\/2025\/06\/Ascona-mora-premio-Mezcal-Oaxaca-cineasta.jpg 800w, https:\/\/zonaroja.com.mx\/wp-content\/uploads\/2025\/06\/Ascona-mora-premio-Mezcal-Oaxaca-cineasta-300x225.jpg 300w, https:\/\/zonaroja.com.mx\/wp-content\/uploads\/2025\/06\/Ascona-mora-premio-Mezcal-Oaxaca-cineasta-768x576.jpg 768w, https:\/\/zonaroja.com.mx\/wp-content\/uploads\/2025\/06\/Ascona-mora-premio-Mezcal-Oaxaca-cineasta-585x439.jpg 585w\" sizes=\"(max-width: 800px) 100vw, 800px\" \/><\/figure>\n","protected":false},"excerpt":{"rendered":"<p>Lisbeth Mej\u00eda Reyes\/Zona Roja.&nbsp; Oaxaca, Oax., a 16 de junio de 2025.- El documental \u00abBoca&hellip;<\/p>\n","protected":false},"author":2,"featured_media":81411,"comment_status":"closed","ping_status":"open","sticky":false,"template":"","format":"standard","meta":{"_lmt_disableupdate":"","_lmt_disable":"","_jetpack_memberships_contains_paid_content":false,"footnotes":""},"categories":[109,46],"tags":[4326],"class_list":["post-81409","post","type-post","status-publish","format-standard","has-post-thumbnail","hentry","category-minuto-a-minuto","category-zona-blanca","tag-yovegami-ascona-mora"],"jetpack_featured_media_url":"https:\/\/zonaroja.com.mx\/wp-content\/uploads\/2025\/06\/Yovegami-Ascona-Mora-.jpg","jetpack_sharing_enabled":true,"_links":{"self":[{"href":"https:\/\/zonaroja.com.mx\/index.php?rest_route=\/wp\/v2\/posts\/81409","targetHints":{"allow":["GET"]}}],"collection":[{"href":"https:\/\/zonaroja.com.mx\/index.php?rest_route=\/wp\/v2\/posts"}],"about":[{"href":"https:\/\/zonaroja.com.mx\/index.php?rest_route=\/wp\/v2\/types\/post"}],"author":[{"embeddable":true,"href":"https:\/\/zonaroja.com.mx\/index.php?rest_route=\/wp\/v2\/users\/2"}],"replies":[{"embeddable":true,"href":"https:\/\/zonaroja.com.mx\/index.php?rest_route=%2Fwp%2Fv2%2Fcomments&post=81409"}],"version-history":[{"count":1,"href":"https:\/\/zonaroja.com.mx\/index.php?rest_route=\/wp\/v2\/posts\/81409\/revisions"}],"predecessor-version":[{"id":81412,"href":"https:\/\/zonaroja.com.mx\/index.php?rest_route=\/wp\/v2\/posts\/81409\/revisions\/81412"}],"wp:featuredmedia":[{"embeddable":true,"href":"https:\/\/zonaroja.com.mx\/index.php?rest_route=\/wp\/v2\/media\/81411"}],"wp:attachment":[{"href":"https:\/\/zonaroja.com.mx\/index.php?rest_route=%2Fwp%2Fv2%2Fmedia&parent=81409"}],"wp:term":[{"taxonomy":"category","embeddable":true,"href":"https:\/\/zonaroja.com.mx\/index.php?rest_route=%2Fwp%2Fv2%2Fcategories&post=81409"},{"taxonomy":"post_tag","embeddable":true,"href":"https:\/\/zonaroja.com.mx\/index.php?rest_route=%2Fwp%2Fv2%2Ftags&post=81409"}],"curies":[{"name":"wp","href":"https:\/\/api.w.org\/{rel}","templated":true}]}}